{"id":71937,"date":"2025-11-24T22:55:16","date_gmt":"2025-11-24T22:55:16","guid":{"rendered":"https:\/\/lahora.mx\/?p=71937"},"modified":"2025-11-26T22:58:03","modified_gmt":"2025-11-26T22:58:03","slug":"la-magia-navidena-llega-al-ccu-de-la-buap","status":"publish","type":"post","link":"https:\/\/lahora.mx\/index.php\/2025\/11\/24\/la-magia-navidena-llega-al-ccu-de-la-buap\/","title":{"rendered":"La magia navide\u00f1a llega al CCU de la BUAP"},"content":{"rendered":"\n<p>Con m\u00fasica en vivo y la presentaci\u00f3n de las compa\u00f1\u00edas art\u00edsticas, miles de familias poblanas disfrutaron del encendido del tradicional \u00c1rbol de Navidad de la BUAP, s\u00edmbolo de uni\u00f3n, esperanza, unidad y convivencia, en el Complejo Cultural Universitario.<\/p>\n\n\n\n<p>Despu\u00e9s de la cuenta regresiva para presionar el bot\u00f3n e iluminar las 90 mil luces led del \u00c1rbol de Navidad, de 30 metros de altura, con 7 mil 200 metros cuadrados de escarcha, 186 series de 500 luces cada una y figuras alusivas a las bellas artes, la Rectora Lilia Cedillo Ram\u00edrez dio un mensaje de paz y comparti\u00f3 sus mejores deseos para el a\u00f1o venidero.<\/p>\n\n\n\n<p>\u201cPara la BUAP es emblem\u00e1tica esta iluminaci\u00f3n del \u00c1rbol de Navidad, porque con ello iniciamos la temporada en la cual queremos que la paz reine en todos los hogares y en nuestros corazones. En esta \u00e9poca disfruten a sus familias y seres queridos\u201d, expres\u00f3.<\/p>\n\n\n\n<p>En esta velada de arte y esp\u00edritu navide\u00f1o, ni\u00f1os y adultos tuvieron la oportunidad de subirse a los juegos mec\u00e1nicos, pasear por el bazar navide\u00f1o y disfrutar de la gastronom\u00eda poblana, como chalupas, chocolate, ponche, tostadas, chiles navide\u00f1os, hamburguesas, elotes y dem\u00e1s antojitos.<\/p>\n\n\n\n<p>La programaci\u00f3n art\u00edstica inici\u00f3 a partir de las 15:50 horas con Erick Garc\u00eda Huerta, estudiante de la Facultad de Ciencias de la Comunicaci\u00f3n, quien interpret\u00f3 Santa Claus lleg\u00f3 a la ciudad, Te necesito, Sabor a m\u00ed, entre otras melod\u00edas. La agrupaci\u00f3n norte\u00f1a Los Magno toc\u00f3 temas rom\u00e1nticos y texanos; mientras que la Orquesta de Jazz Artes BUAP, integrada por catedr\u00e1ticos y alumnos del Colegio de M\u00fasica, present\u00f3 un repertorio de los a\u00f1os 30 del siglo XX hasta nuestros d\u00edas.<\/p>\n\n\n\n<p>Las compa\u00f1\u00edas art\u00edsticas de la BUAP (Danza Contempor\u00e1nea, Teatro, Ballet Folkl\u00f3rico, Coro Sinf\u00f3nico y Orquesta Sinf\u00f3nica) presentaron una gala navide\u00f1a para celebrar el esp\u00edritu de uni\u00f3n que caracteriza a esta temporada. Esta fiesta continu\u00f3 con las interpretaciones musicales de la banda de rock Matador y de Los Aut\u00e9ntikos de la Kumbia, quienes hicieron bailar a los asistentes.<\/p>\n","protected":false},"excerpt":{"rendered":"<p>Con m\u00fasica en vivo y la presentaci\u00f3n de las compa\u00f1\u00edas art\u00edsticas, miles de familias poblanas disfrutaron del encendido del tradicional \u00c1rbol de Navidad de la BUAP, s\u00edmbolo de uni\u00f3n, esperanza, unidad y convivencia, en el Complejo Cultural Universitario. Despu\u00e9s de la cuenta regresiva para presionar el bot\u00f3n e iluminar las 90 mil luces led del [&hellip;]<\/p>\n","protected":false},"author":1,"featured_media":71938,"comment_status":"open","ping_status":"open","sticky":false,"template":"","format":"standard","meta":{"om_disable_all_campaigns":false,"_monsterinsights_skip_tracking":false,"_monsterinsights_sitenote_active":false,"_monsterinsights_sitenote_note":"","_monsterinsights_sitenote_category":0,"footnotes":""},"categories":[175],"tags":[186],"class_list":["post-71937","post","type-post","status-publish","format-standard","has-post-thumbnail","hentry","category-local","tag-buap"],"amp_enabled":true,"_links":{"self":[{"href":"https:\/\/lahora.mx\/index.php\/wp-json\/wp\/v2\/posts\/71937","targetHints":{"allow":["GET"]}}],"collection":[{"href":"https:\/\/lahora.mx\/index.php\/wp-json\/wp\/v2\/posts"}],"about":[{"href":"https:\/\/lahora.mx\/index.php\/wp-json\/wp\/v2\/types\/post"}],"author":[{"embeddable":true,"href":"https:\/\/lahora.mx\/index.php\/wp-json\/wp\/v2\/users\/1"}],"replies":[{"embeddable":true,"href":"https:\/\/lahora.mx\/index.php\/wp-json\/wp\/v2\/comments?post=71937"}],"version-history":[{"count":1,"href":"https:\/\/lahora.mx\/index.php\/wp-json\/wp\/v2\/posts\/71937\/revisions"}],"predecessor-version":[{"id":71939,"href":"https:\/\/lahora.mx\/index.php\/wp-json\/wp\/v2\/posts\/71937\/revisions\/71939"}],"wp:featuredmedia":[{"embeddable":true,"href":"https:\/\/lahora.mx\/index.php\/wp-json\/wp\/v2\/media\/71938"}],"wp:attachment":[{"href":"https:\/\/lahora.mx\/index.php\/wp-json\/wp\/v2\/media?parent=71937"}],"wp:term":[{"taxonomy":"category","embeddable":true,"href":"https:\/\/lahora.mx\/index.php\/wp-json\/wp\/v2\/categories?post=71937"},{"taxonomy":"post_tag","embeddable":true,"href":"https:\/\/lahora.mx\/index.php\/wp-json\/wp\/v2\/tags?post=71937"}],"curies":[{"name":"wp","href":"https:\/\/api.w.org\/{rel}","templated":true}]}}