{"id":7191,"date":"2022-05-20T00:20:15","date_gmt":"2022-05-20T00:20:15","guid":{"rendered":"http:\/\/lahora.mx\/?p=7191"},"modified":"2022-05-20T00:21:47","modified_gmt":"2022-05-20T00:21:47","slug":"aeromexico-con-destino-al-aifa-volara-a-estos-5-lugares-a-partir-de-agosto","status":"publish","type":"post","link":"https:\/\/lahora.mx\/index.php\/2022\/05\/20\/aeromexico-con-destino-al-aifa-volara-a-estos-5-lugares-a-partir-de-agosto\/","title":{"rendered":"Aerom\u00e9xico con destino al AIFA: volar\u00e1 a estos  5 lugares a partir de agosto"},"content":{"rendered":"\n<p>Aerom\u00e9xico volar\u00e1 desde el Aeropuerto Internacional Felipe \u00c1ngeles (AIFA)&nbsp;<strong>a cinco nuevos destinos<\/strong>: Acapulco, Canc\u00fan, Guadalajara, Monterrey y Oaxaca ser\u00e1n las rutas que la aerol\u00ednea comenzar\u00e1 a operar&nbsp;<strong>a partir del 15 de agosto pr\u00f3ximo.<\/strong><\/p>\n\n\n\n<p>La empresa detall\u00f3 que tambi\u00e9n aumentar\u00e1 sus frecuencias a dos de los tres destinos que ya opera. El vuelo a<strong>&nbsp;Puerto Vallarta&nbsp;<\/strong>pasar\u00e1 de cuatro a siete vuelos a la semana, mientras que<strong>&nbsp;Villahermosa<\/strong>&nbsp;volver\u00e1 a tener siete vuelos.<br><\/p>\n\n\n\n<p>Con ello, Aerom\u00e9xico volar\u00e1&nbsp;<strong>a ocho destinos nacionales&nbsp;<\/strong>desde el aeropuerto ubicado en Santa Luc\u00eda y al cual, durante al menos tres a\u00f1os, dijo que no volar\u00eda por&nbsp;<strong>no adaptarse a su modelo de negocios.<\/strong><\/p>\n\n\n\n<p>La l\u00ednea a\u00e9rea agreg\u00f3 que ofertar\u00e1<strong>&nbsp;alrededor de 50 mil asientos<\/strong>&nbsp;desde el AIFA a partir de agosto.<br><\/p>\n\n\n\n<p>Adem\u00e1s, a partir de la segunda semana de septiembre, la l\u00ednea a\u00e9rea agregar\u00e1<strong>&nbsp;a Veracruz<\/strong>&nbsp;como otro de los destinos que conectar\u00e1 desde el AIFA, adem\u00e1s de aumentar las frecuencias del resto de puertos a\u00e9reos que operar\u00e1.<\/p>\n\n\n\n<p>En ese sentido, Aerom\u00e9xico realizar\u00e1 900 operaciones mensuales con una oferta de m\u00e1s de 100 mil asientos.<\/p>\n\n\n\n<p>Aerom\u00e9xico es una de las aerol\u00edneas que<strong>&nbsp;acord\u00f3 trasladar vuelos<\/strong>&nbsp;del Aeropuerto Internacional de la Ciudad de M\u00e9xico (AICM) al AIFA. Junto con Volaris y Viva Aerobus, \u2018mudar\u00e1n\u2019 204 operaciones en julio.<\/p>\n\n\n\n<p>\u201cTambi\u00e9n se va a pasar toda la carga, que va a llevar 4 o 5 meses,&nbsp;<strong>30 vuelos diarios de carga<\/strong>&nbsp;m\u00e1s los ch\u00e1rter, que son&nbsp;<strong>ocho vuelos diarios<\/strong>, dos empresas extranjeras, con un vuelo cada una. Entonces son arriba de los 102 vuelos, que significan 204 operaciones diarias porque<strong>&nbsp;son vuelos de ida y vuelta<\/strong>\u201d, dijo Rogelio Jim\u00e9nez Pons, subsecretario de Transporte, en entrevista con&nbsp;<em><strong>El Financiero<\/strong><\/em>.<\/p>\n\n\n\n<p>Este plan se prev\u00e9 dure un a\u00f1o, tras el cual se habr\u00e1n migrado alrededor de 250 operaciones del puerto a\u00e9reo de la capital a Santa Luc\u00eda y tambi\u00e9n al aeropuerto de Toluca.<\/p>\n","protected":false},"excerpt":{"rendered":"<p>Aerom\u00e9xico volar\u00e1 desde el Aeropuerto Internacional Felipe \u00c1ngeles (AIFA)&nbsp;a cinco nuevos destinos: Acapulco, Canc\u00fan, Guadalajara, Monterrey y Oaxaca ser\u00e1n las rutas que la aerol\u00ednea comenzar\u00e1 a operar&nbsp;a partir del 15 de agosto pr\u00f3ximo. La empresa detall\u00f3 que tambi\u00e9n aumentar\u00e1 sus frecuencias a dos de los tres destinos que ya opera. El vuelo a&nbsp;Puerto Vallarta&nbsp;pasar\u00e1 de [&hellip;]<\/p>\n","protected":false},"author":4,"featured_media":7195,"comment_status":"open","ping_status":"open","sticky":false,"template":"","format":"standard","meta":{"om_disable_all_campaigns":false,"_monsterinsights_skip_tracking":false,"_monsterinsights_sitenote_active":false,"_monsterinsights_sitenote_note":"","_monsterinsights_sitenote_category":0,"footnotes":""},"categories":[176],"tags":[],"class_list":["post-7191","post","type-post","status-publish","format-standard","has-post-thumbnail","hentry","category-nacional"],"amp_enabled":true,"_links":{"self":[{"href":"https:\/\/lahora.mx\/index.php\/wp-json\/wp\/v2\/posts\/7191","targetHints":{"allow":["GET"]}}],"collection":[{"href":"https:\/\/lahora.mx\/index.php\/wp-json\/wp\/v2\/posts"}],"about":[{"href":"https:\/\/lahora.mx\/index.php\/wp-json\/wp\/v2\/types\/post"}],"author":[{"embeddable":true,"href":"https:\/\/lahora.mx\/index.php\/wp-json\/wp\/v2\/users\/4"}],"replies":[{"embeddable":true,"href":"https:\/\/lahora.mx\/index.php\/wp-json\/wp\/v2\/comments?post=7191"}],"version-history":[{"count":2,"href":"https:\/\/lahora.mx\/index.php\/wp-json\/wp\/v2\/posts\/7191\/revisions"}],"predecessor-version":[{"id":7196,"href":"https:\/\/lahora.mx\/index.php\/wp-json\/wp\/v2\/posts\/7191\/revisions\/7196"}],"wp:featuredmedia":[{"embeddable":true,"href":"https:\/\/lahora.mx\/index.php\/wp-json\/wp\/v2\/media\/7195"}],"wp:attachment":[{"href":"https:\/\/lahora.mx\/index.php\/wp-json\/wp\/v2\/media?parent=7191"}],"wp:term":[{"taxonomy":"category","embeddable":true,"href":"https:\/\/lahora.mx\/index.php\/wp-json\/wp\/v2\/categories?post=7191"},{"taxonomy":"post_tag","embeddable":true,"href":"https:\/\/lahora.mx\/index.php\/wp-json\/wp\/v2\/tags?post=7191"}],"curies":[{"name":"wp","href":"https:\/\/api.w.org\/{rel}","templated":true}]}}