{"id":7183,"date":"2022-05-20T00:13:20","date_gmt":"2022-05-20T00:13:20","guid":{"rendered":"http:\/\/lahora.mx\/?p=7183"},"modified":"2022-05-20T00:14:36","modified_gmt":"2022-05-20T00:14:36","slug":"lo-que-yo-si-espero-de-mi-gobierno-es-la-proteccion-de-las-mujeres-poniatowska","status":"publish","type":"post","link":"https:\/\/lahora.mx\/index.php\/2022\/05\/20\/lo-que-yo-si-espero-de-mi-gobierno-es-la-proteccion-de-las-mujeres-poniatowska\/","title":{"rendered":"\u00abLo que yo s\u00ed espero de mi gobierno es la protecci\u00f3n de las mujeres\u00bb: Poniatowska"},"content":{"rendered":"\n<p>En medio de la emoci\u00f3n por la celebraci\u00f3n de su cumplea\u00f1os 90, Elena Poniatowska cuestion\u00f3 la desaparici\u00f3n de personas en M\u00e9xico, de los asesinatos contra mujeres, de los feminicidios\u00a0y dijo que lo que espera de su gobierno es protecci\u00f3n para las mujeres, porque en M\u00e9xico quienes m\u00e1s desaparecen son los campesinos, gente pobre y las mujeres.<\/p>\n\n\n\n<p>\u00abLo que yo s\u00ed espero de mi gobierno es la protecci\u00f3n de las mujeres, sobre todo que ya no desaparezca la gente\u00bb, afirm\u00f3 la escritora y periodista al t\u00e9rmino de su homenaje nacional en el Palacio de Bellas Artes, este mediod\u00eda. Luego de firmar varios libros, la escritora dijo que es muy terrible que siga habiendo esa desaparici\u00f3n de j\u00f3venes, de estudiantes y de mujeres tambi\u00e9n.<\/p>\n\n\n\n<p>\u00abHabr\u00eda que hablar del asesinato y de feminicidios, eso es important\u00edsimo\u00bb. A la pregunta de si deben ser escuchadas las voces de las familias de los desaparecidos en un pa\u00eds donde se han alcanzado las 100 mil desapariciones, la autora de \u00abLa noche de Tlatelolco\u00bb dijo que s\u00ed, que en los peri\u00f3dicos aparecen muchos art\u00edculos \u00abpero deber\u00eda de haber como una campa\u00f1a de todos nosotros para evitarlos. Esto no es&nbsp;posible\u00bb<br><\/p>\n\n\n\n<p>\u00bfHa fallado el estado? Se le pregunt\u00f3 y Elena dijo que el Estado \u00abNo ha apoyado finalmente, no se ha visto que apoye o que se preocupe\u00bb y agrego que no se puede decir que no se ha hecho nada porque siempre ha habido grandes injusticias.<\/p>\n\n\n\n<p>\u00abYo cuando era joven me la viv\u00eda en la C\u00e1rcel de Lecumberri, era la c\u00e1rcel preventiva, personalmente a m\u00ed me ayud\u00f3 much\u00edsimo o\u00edr relatos de vida, relatos de injusticias, relatos de mentiras tambi\u00e9n, [&#8230;] todo eso fue un aprendizaje enorme, pero lo que yo s\u00ed espero de mi gobierno es la protecci\u00f3n de las mujeres, sobre todo que ya no desaparezca la gente\u00bb, enfatiz\u00f3, pues se\u00f1al\u00f3 que quienes m\u00e1s desparaceen en M\u00e9xico son los campesinos, gente pobre y las mujeres.<\/p>\n","protected":false},"excerpt":{"rendered":"<p>En medio de la emoci\u00f3n por la celebraci\u00f3n de su cumplea\u00f1os 90, Elena Poniatowska cuestion\u00f3 la desaparici\u00f3n de personas en M\u00e9xico, de los asesinatos contra mujeres, de los feminicidios\u00a0y dijo que lo que espera de su gobierno es protecci\u00f3n para las mujeres, porque en M\u00e9xico quienes m\u00e1s desaparecen son los campesinos, gente pobre y las [&hellip;]<\/p>\n","protected":false},"author":4,"featured_media":7184,"comment_status":"open","ping_status":"open","sticky":false,"template":"","format":"standard","meta":{"om_disable_all_campaigns":false,"_monsterinsights_skip_tracking":false,"_monsterinsights_sitenote_active":false,"_monsterinsights_sitenote_note":"","_monsterinsights_sitenote_category":0,"footnotes":""},"categories":[176],"tags":[195],"class_list":["post-7183","post","type-post","status-publish","format-standard","has-post-thumbnail","hentry","category-nacional","tag-principal"],"amp_enabled":true,"_links":{"self":[{"href":"https:\/\/lahora.mx\/index.php\/wp-json\/wp\/v2\/posts\/7183","targetHints":{"allow":["GET"]}}],"collection":[{"href":"https:\/\/lahora.mx\/index.php\/wp-json\/wp\/v2\/posts"}],"about":[{"href":"https:\/\/lahora.mx\/index.php\/wp-json\/wp\/v2\/types\/post"}],"author":[{"embeddable":true,"href":"https:\/\/lahora.mx\/index.php\/wp-json\/wp\/v2\/users\/4"}],"replies":[{"embeddable":true,"href":"https:\/\/lahora.mx\/index.php\/wp-json\/wp\/v2\/comments?post=7183"}],"version-history":[{"count":2,"href":"https:\/\/lahora.mx\/index.php\/wp-json\/wp\/v2\/posts\/7183\/revisions"}],"predecessor-version":[{"id":7187,"href":"https:\/\/lahora.mx\/index.php\/wp-json\/wp\/v2\/posts\/7183\/revisions\/7187"}],"wp:featuredmedia":[{"embeddable":true,"href":"https:\/\/lahora.mx\/index.php\/wp-json\/wp\/v2\/media\/7184"}],"wp:attachment":[{"href":"https:\/\/lahora.mx\/index.php\/wp-json\/wp\/v2\/media?parent=7183"}],"wp:term":[{"taxonomy":"category","embeddable":true,"href":"https:\/\/lahora.mx\/index.php\/wp-json\/wp\/v2\/categories?post=7183"},{"taxonomy":"post_tag","embeddable":true,"href":"https:\/\/lahora.mx\/index.php\/wp-json\/wp\/v2\/tags?post=7183"}],"curies":[{"name":"wp","href":"https:\/\/api.w.org\/{rel}","templated":true}]}}