{"id":71766,"date":"2025-11-18T06:05:21","date_gmt":"2025-11-18T06:05:21","guid":{"rendered":"https:\/\/lahora.mx\/?p=71766"},"modified":"2025-11-25T06:05:40","modified_gmt":"2025-11-25T06:05:40","slug":"el-alcalde-roberto-solis-plantea-crear-apoyos-de-gobierno-estatal-para-productores-de-sidra-en-puebla","status":"publish","type":"post","link":"https:\/\/lahora.mx\/index.php\/2025\/11\/18\/el-alcalde-roberto-solis-plantea-crear-apoyos-de-gobierno-estatal-para-productores-de-sidra-en-puebla\/","title":{"rendered":"El alcalde Roberto Sol\u00eds plantea crear apoyos de gobierno estatal para productores de sidra en Puebla"},"content":{"rendered":"\n<p>El alcalde de Huejotzingo, Roberto Sol\u00eds Valles, buscar\u00e1 con el gobierno del estado crear un apoyo para fomentar la producci\u00f3n de sidra en Puebla. <\/p>\n\n\n\n<p>En entrevista, el presidente municipal coment\u00f3 que ha sostenido pl\u00e1ticas con el gobierno estatal para generar apoyos a productores de sidra en el estado.<\/p>\n\n\n\n<p>Se\u00f1al\u00f3 que buscan que se genere una pol\u00edtica p\u00fablica para fomentar la producci\u00f3n de sidra, al igual que sucede con el mezcal.<\/p>\n\n\n\n<p>Roberto Sol\u00eds aseguro que la industria de la sidra se consolidado en los \u00faltimos a\u00f1os en el estado de Puebla, tras la Indicaci\u00f3n Geogr\u00e1fica Protegida del Instituto Mexicano de Propiedad Industrial (IMPI).<\/p>\n\n\n\n<p>El alcalde de Huejotzingo afirm\u00f3 que la tierra del parque Izta-Popo es una zona f\u00e9rtil con alta producci\u00f3n de \u00e1rboles frutales. Esto para la instalaci\u00f3n de vi\u00f1edos de sidra en Puebla.<\/p>\n\n\n\n<p>Se\u00f1al\u00f3 que debe existir un proyecto para recuperar esa zona de producci\u00f3n de sidra debido a que los \u00e1rboles han ido perdiendo por no ser utilizados.<\/p>\n\n\n\n<p>Sidra de Huejotzingo recibir distintivo de indicaci\u00f3n geogr\u00e1fica por el IMPI<br>Sidra de Huejotzingo recibir\u00e1 distintivo de indicaci\u00f3n geogr\u00e1fica por el IMPI<\/p>\n\n\n\n<p>El alcalde de Huejotzingo coment\u00f3 que la propuesta se ha hecho a la Secretar\u00eda de Desarrollo Tur\u00edstico, Secretar\u00eda de Agricultura y Desarrollo Rural y Secretaria de Bienestar.<\/p>\n\n\n\n<p>\u201cPara la producci\u00f3n de la sidra se necesita manzana, y ya no hay mucha, entonces se tiene que empezar a crear los plant\u00edos de esta, desde sembrar el \u00e1rbol hasta su cuidado, poda, mantenimiento, y mientras genera los frutos tenemos que ver de qu\u00e9 manera el productor sobrevive\u201d, explic\u00f3.<\/p>\n\n\n\n<p>Roberto Sol\u00eds apunt\u00f3 que una vez que se tenga trabajada la propuesta se presentar\u00e1 ante el gobernador Alejandro Armenta Mier.<\/p>\n\n\n\n<p>El edil mencion\u00f3 que se podr\u00eda generar un esquema de cooperativa para el apoyo a los productores de sidra en Puebla.<\/p>\n","protected":false},"excerpt":{"rendered":"<p>El alcalde de Huejotzingo, Roberto Sol\u00eds Valles, buscar\u00e1 con el gobierno del estado crear un apoyo para fomentar la producci\u00f3n de sidra en Puebla. En entrevista, el presidente municipal coment\u00f3 que ha sostenido pl\u00e1ticas con el gobierno estatal para generar apoyos a productores de sidra en el estado. Se\u00f1al\u00f3 que buscan que se genere una [&hellip;]<\/p>\n","protected":false},"author":1,"featured_media":71767,"comment_status":"open","ping_status":"open","sticky":false,"template":"","format":"standard","meta":{"om_disable_all_campaigns":false,"_monsterinsights_skip_tracking":false,"_monsterinsights_sitenote_active":false,"_monsterinsights_sitenote_note":"","_monsterinsights_sitenote_category":0,"footnotes":""},"categories":[175],"tags":[266,128],"class_list":["post-71766","post","type-post","status-publish","format-standard","has-post-thumbnail","hentry","category-local","tag-huejotzingo","tag-politics"],"amp_enabled":true,"_links":{"self":[{"href":"https:\/\/lahora.mx\/index.php\/wp-json\/wp\/v2\/posts\/71766","targetHints":{"allow":["GET"]}}],"collection":[{"href":"https:\/\/lahora.mx\/index.php\/wp-json\/wp\/v2\/posts"}],"about":[{"href":"https:\/\/lahora.mx\/index.php\/wp-json\/wp\/v2\/types\/post"}],"author":[{"embeddable":true,"href":"https:\/\/lahora.mx\/index.php\/wp-json\/wp\/v2\/users\/1"}],"replies":[{"embeddable":true,"href":"https:\/\/lahora.mx\/index.php\/wp-json\/wp\/v2\/comments?post=71766"}],"version-history":[{"count":2,"href":"https:\/\/lahora.mx\/index.php\/wp-json\/wp\/v2\/posts\/71766\/revisions"}],"predecessor-version":[{"id":71769,"href":"https:\/\/lahora.mx\/index.php\/wp-json\/wp\/v2\/posts\/71766\/revisions\/71769"}],"wp:featuredmedia":[{"embeddable":true,"href":"https:\/\/lahora.mx\/index.php\/wp-json\/wp\/v2\/media\/71767"}],"wp:attachment":[{"href":"https:\/\/lahora.mx\/index.php\/wp-json\/wp\/v2\/media?parent=71766"}],"wp:term":[{"taxonomy":"category","embeddable":true,"href":"https:\/\/lahora.mx\/index.php\/wp-json\/wp\/v2\/categories?post=71766"},{"taxonomy":"post_tag","embeddable":true,"href":"https:\/\/lahora.mx\/index.php\/wp-json\/wp\/v2\/tags?post=71766"}],"curies":[{"name":"wp","href":"https:\/\/api.w.org\/{rel}","templated":true}]}}