{"id":71753,"date":"2025-11-25T00:13:53","date_gmt":"2025-11-25T00:13:53","guid":{"rendered":"https:\/\/lahora.mx\/?p=71753"},"modified":"2025-11-25T00:13:54","modified_gmt":"2025-11-25T00:13:54","slug":"el-foro-nacional-de-creadores-2025-llega-a-puebla","status":"publish","type":"post","link":"https:\/\/lahora.mx\/index.php\/2025\/11\/25\/el-foro-nacional-de-creadores-2025-llega-a-puebla\/","title":{"rendered":"El Foro Nacional de Creadores 2025 llega a Puebla"},"content":{"rendered":"\n<p>La Secretar\u00eda de Cultura del Gobierno de M\u00e9xico, a trav\u00e9s del Sistema de Apoyos a la Creaci\u00f3n y Proyectos Culturales, y la Secretar\u00eda de Arte y Cultura de Puebla, presentan el Foro Nacional de Creadores, que, en la presente edici\u00f3n, se realiza en Puebla del 4 al 7 de diciembre de 2025.<\/p>\n\n\n\n<p>La conferencia de prensa, que tuvo lugar en el Sal\u00f3n Venustiano Carranza del Complejo Cultural Los Pinos, la encabez\u00f3 el director del Sistema de Apoyos a la Creaci\u00f3n, Pacho Paredes, y participaron la secretaria de Arte y Cultura del Estado de Puebla, Alejandra Pacheco Mex; el responsable del Foro Nacional de Creadores, Luis Tareke Ortiz; la tutora de J\u00f3venes Creadores en la disciplina de Artes Aplicadas, Teresa Olmedo, y las beneficiarias Tania Matus, de la vertiente M\u00fasicos Tradicionales Mexicanos, y Elena Piedra, de J\u00f3venes Creadores.<\/p>\n\n\n\n<p>\u201cEs una plataforma para que las y los creadores beneficiarios del Sistema presenten los avances de sus respectivos proyectos despu\u00e9s de un a\u00f1o de trabajo en acompa\u00f1amiento de los tutores de cada disciplina. Es una muestra entre ellos mismos pero tambi\u00e9n para los p\u00fablicos\u201d, indic\u00f3 Pacho Paredes.<\/p>\n\n\n\n<p>El director del Sistema asegur\u00f3 que la creaci\u00f3n no solo es producto del talento, inspiraci\u00f3n, estudio y trabajo constante de forma individual, tambi\u00e9n es resultado de la confrontaci\u00f3n con los p\u00fablicos, pues cada una de sus obras se consolida al llegar al espectador y al lector.<\/p>\n\n\n\n<p>Por otra parte, se\u00f1al\u00f3 Paredes: \u201cLos creadores tienen oportunidad de encontrarse con sus pares de cada disciplina, pero tambi\u00e9n con los creadores de otras disciplinas y tambi\u00e9n con otras generaciones (\u2026) todo esto contribuye a fortalecer el proceso formativo de los beneficiarios del Sistema\u201d.<\/p>\n\n\n\n<p>Sobre la programaci\u00f3n, destac\u00f3 tres mesas de di\u00e1logo tituladas Lo social en el arte, Innovaci\u00f3n en el ejercicio interdisciplinario y M\u00fasica y audiovisual: soportes para la promoci\u00f3n de las lenguas ind\u00edgenas nacionales.<\/p>\n\n\n\n<p>A su vez, Tareke Ort\u00edz asegur\u00f3 que el Foro Nacional de Creadores: \u201cEs una fiesta, es un festival, es entretenimiento. Circular por las calles de Puebla entre artistas de todo el pa\u00eds conoci\u00e9ndose, pero con una particularidad: pone al artista y sus necesidades, y al p\u00fablico y sus necesidades, como los protagonistas\u201d.<\/p>\n\n\n\n<p>Detall\u00f3 que habr\u00e1 29 actividades como presentaciones editoriales en todas las disciplinas y especialidades como la literatura, ensayo, c\u00f3mic y lenguajes expandidos de la poes\u00eda y literatura, entre otros; tambi\u00e9n mesas de di\u00e1logo, presentaciones de teatro, coreogr\u00e1ficas y musicales, mismas que se nutren con actrices, actores, bailarinas, bailarines y m\u00fasicos tradicionales que acompa\u00f1an a su creaci\u00f3n.<\/p>\n\n\n\n<p>Sobre las sedes del Foro, Alejandra Pacheco Mex, secretaria de Arte y Cultura de Puebla, indic\u00f3 que son distintos espacios del Centro Hist\u00f3rico de la capital poblana, como la Casa de Cultura Profesor Pedro \u00c1ngel Palou, el Centro Cultural San Roque, Casa del Libro Gilberto Bosques Sald\u00edvar, el Auditorio Jos\u00e9 Antonio Corvera y la Explanada del Barrio del Artista, entre otros, as\u00ed como diversos museos.<\/p>\n\n\n\n<p>\u201cQueremos que la gente vea, escuche, dialogue y pregunte, pero sobre todo que se inspire, queremos que los ni\u00f1os y j\u00f3venes se acerquen a las y los creadores y descubran que ellos tambi\u00e9n pueden construir un camino en el arte\u201d, afirm\u00f3.<\/p>\n\n\n\n<p>\u201cPuebla \u2013dijo\u2013 no solo ser\u00e1 sede, ser\u00e1 una anfitrion\u00eda activa. Nuestros artistas locales van a participar, a dialogar, van a mostrar el trabajo que se hace en el interior del estado, en nuestras sierras, en nuestras comunidades ind\u00edgenas y nuestros municipios, donde la creatividad es una herramienta, no solo de identidad sino de resistencia y preservaci\u00f3n de nuestro patrimonio cultural\u201d.<\/p>\n\n\n\n<p>Para conocer todos los detalles del Foro Nacional de Creadores, consulta el programa completo en la p\u00e1gina del Sistema Creaci\u00f3n (sistemacreacion.cultura.gob.mx\/procesos_creativos\/detalle\/foro-nacional-de-creadores), as\u00ed como en sus redes sociales: X (x.com\/SistemaCreacion), Instagram (instagram.com\/sistemacreacion\/) y Facebook (facebook.com\/SistemaCreacion\/).<\/p>\n\n\n\n<p>Sigue las redes sociales de la Secretar\u00eda de Cultura en X (@cultura_mx), Facebook (\/SecretariaCulturaMX) e Instagram (@culturamx). Tambi\u00e9n, las redes de la Secretar\u00eda de Arte y Cultura de Puebla en X (@CulturaGobPue), Facebook (@CulturaGobPue) e Instagram (@culturagobpuebla).<\/p>\n","protected":false},"excerpt":{"rendered":"<p>La Secretar\u00eda de Cultura del Gobierno de M\u00e9xico, a trav\u00e9s del Sistema de Apoyos a la Creaci\u00f3n y Proyectos Culturales, y la Secretar\u00eda de Arte y Cultura de Puebla, presentan el Foro Nacional de Creadores, que, en la presente edici\u00f3n, se realiza en Puebla del 4 al 7 de diciembre de 2025. La conferencia de [&hellip;]<\/p>\n","protected":false},"author":1,"featured_media":71754,"comment_status":"open","ping_status":"open","sticky":false,"template":"","format":"standard","meta":{"om_disable_all_campaigns":false,"_monsterinsights_skip_tracking":false,"_monsterinsights_sitenote_active":false,"_monsterinsights_sitenote_note":"","_monsterinsights_sitenote_category":0,"footnotes":""},"categories":[175],"tags":[],"class_list":["post-71753","post","type-post","status-publish","format-standard","has-post-thumbnail","hentry","category-local"],"amp_enabled":true,"_links":{"self":[{"href":"https:\/\/lahora.mx\/index.php\/wp-json\/wp\/v2\/posts\/71753","targetHints":{"allow":["GET"]}}],"collection":[{"href":"https:\/\/lahora.mx\/index.php\/wp-json\/wp\/v2\/posts"}],"about":[{"href":"https:\/\/lahora.mx\/index.php\/wp-json\/wp\/v2\/types\/post"}],"author":[{"embeddable":true,"href":"https:\/\/lahora.mx\/index.php\/wp-json\/wp\/v2\/users\/1"}],"replies":[{"embeddable":true,"href":"https:\/\/lahora.mx\/index.php\/wp-json\/wp\/v2\/comments?post=71753"}],"version-history":[{"count":1,"href":"https:\/\/lahora.mx\/index.php\/wp-json\/wp\/v2\/posts\/71753\/revisions"}],"predecessor-version":[{"id":71755,"href":"https:\/\/lahora.mx\/index.php\/wp-json\/wp\/v2\/posts\/71753\/revisions\/71755"}],"wp:featuredmedia":[{"embeddable":true,"href":"https:\/\/lahora.mx\/index.php\/wp-json\/wp\/v2\/media\/71754"}],"wp:attachment":[{"href":"https:\/\/lahora.mx\/index.php\/wp-json\/wp\/v2\/media?parent=71753"}],"wp:term":[{"taxonomy":"category","embeddable":true,"href":"https:\/\/lahora.mx\/index.php\/wp-json\/wp\/v2\/categories?post=71753"},{"taxonomy":"post_tag","embeddable":true,"href":"https:\/\/lahora.mx\/index.php\/wp-json\/wp\/v2\/tags?post=71753"}],"curies":[{"name":"wp","href":"https:\/\/api.w.org\/{rel}","templated":true}]}}