{"id":71743,"date":"2025-11-24T18:26:04","date_gmt":"2025-11-24T18:26:04","guid":{"rendered":"https:\/\/lahora.mx\/?p=71743"},"modified":"2025-11-24T23:31:31","modified_gmt":"2025-11-24T23:31:31","slug":"secretario-de-gobierno-revela-quien-autorizo-la-licencia-del-table-la-coss-donde-6-personas-murieron","status":"publish","type":"post","link":"https:\/\/lahora.mx\/index.php\/2025\/11\/24\/secretario-de-gobierno-revela-quien-autorizo-la-licencia-del-table-la-coss-donde-6-personas-murieron\/","title":{"rendered":"Secretario de Gobierno revela qui\u00e9n autoriz\u00f3 licencia del table La Coss"},"content":{"rendered":"\n<p>Luego del fatal incendio registrado en el centro nocturno La Coss, donde cinco personas perdieron la vida al instante, y una m\u00e1s despu\u00e9s, el Secretario General de Gobierno (SGG) de Puebla, Franco Rodr\u00edguez \u00c1lvarez, confirm\u00f3 que el establecimiento contaba con una licencia de funcionamiento renovada, otorgada durante la gesti\u00f3n municipal anterior.<\/p>\n\n\n\n<p>El funcionario estatal detall\u00f3 en entrevista que los propietarios del negocio se acercaron a las autoridades para solicitar la renovaci\u00f3n de su permiso, cumpliendo con todos los requisitos establecidos por el \u00e1rea de Normatividad y Regulaci\u00f3n Comercial.<\/p>\n\n\n\n<p><br>Rodr\u00edguez \u00c1lvarez enfatiz\u00f3 que, por lo tanto, el local se encontraba en el marco de la legalidad al momento de la tragedia.<\/p>\n\n\n\n<p>\u201cSolicitaron renovar las licencias, e incluso pidieron el refrendo y cumplieron con lo establecido para el propio refrendo de la licencia en su momento\u201d, afirm\u00f3 el encargado de la gobernabilidad en la ciudad.<br>Secretario aclara que la licencia de funcionamiento fue otorgada por la anterior administraci\u00f3n<br>En un punto crucial de sus declaraciones, el Secretario aclar\u00f3 que la licencia de funcionamiento no fue emitida por la actual administraci\u00f3n, sino por la anterior, encabezada por los panistas Eduardo Rivera P\u00e9rez y Ad\u00e1n Dom\u00ednguez S\u00e1nchez.<\/p>\n\n\n\n<p><\/p>\n\n\n\n<p>\u201cEsta licencia la autoriz\u00f3 la administraci\u00f3n anterior, y hay refrendos de manera continua, y cumpl\u00edan; vamos a decir, con lo establecido\u201d, recalc\u00f3 Rodr\u00edguez \u00c1lvarez, deslindando de responsabilidad directa al gobierno actual y situando el origen del permiso en la gesti\u00f3n panista que precedi\u00f3 a la actual.<br>En este contexto, indic\u00f3 que el proceso de refrendo de permisos se realiza con frecuencia y que los due\u00f1os de \u00abLa Coss\u00bb hab\u00edan cumplido con los lineamientos requeridos para operar.<br>Autoridades informan cu\u00e1les ser\u00e1n los perativos y permisos para el comercio informal navide\u00f1o<\/p>\n\n\n\n<p>Por otra parte, el Secretario General de Gobierno record\u00f3 que el ayuntamiento realiza de manera constante operativos para verificar que los establecimientos no vendan bebidas alcoh\u00f3licas adulteradas o a menores de edad.<\/p>\n\n\n\n<p>Revel\u00f3 que, como resultado de estos operativos, que superan los 20 semanales, la semana pasada se clausuraron ocho negocios por incumplir la normativa o carecer de documentaci\u00f3n completa.<\/p>\n\n\n\n<p>De igual forma, Rodr\u00edguez \u00c1lvarez abord\u00f3 el tema del comercio informal, puntualizando que se mantiene un di\u00e1logo con sus l\u00edderes para ampliar los permisos durante la temporada decembrina. Anunci\u00f3 que se analizan nuevas sedes para este fin, como el Jard\u00edn de Analco, El Carmen y el Paseo Bravo.<\/p>\n\n\n\n<p>Para concluir, el funcionario se\u00f1al\u00f3 que en breve se dar\u00e1 a conocer el total de permisos otorgados por su dependencia a los comerciantes informales para las pr\u00f3ximas fiestas, en un esfuerzo por regularizar y ordenar esta actividad econ\u00f3mica temporal.<\/p>\n","protected":false},"excerpt":{"rendered":"<p>Luego del fatal incendio registrado en el centro nocturno La Coss, donde cinco personas perdieron la vida al instante, y una m\u00e1s despu\u00e9s, el Secretario General de Gobierno (SGG) de Puebla, Franco Rodr\u00edguez \u00c1lvarez, confirm\u00f3 que el establecimiento contaba con una licencia de funcionamiento renovada, otorgada durante la gesti\u00f3n municipal anterior. El funcionario estatal detall\u00f3 [&hellip;]<\/p>\n","protected":false},"author":1,"featured_media":71744,"comment_status":"open","ping_status":"open","sticky":false,"template":"","format":"standard","meta":{"om_disable_all_campaigns":false,"_monsterinsights_skip_tracking":false,"_monsterinsights_sitenote_active":false,"_monsterinsights_sitenote_note":"","_monsterinsights_sitenote_category":0,"footnotes":""},"categories":[175],"tags":[195],"class_list":["post-71743","post","type-post","status-publish","format-standard","has-post-thumbnail","hentry","category-local","tag-principal"],"amp_enabled":true,"_links":{"self":[{"href":"https:\/\/lahora.mx\/index.php\/wp-json\/wp\/v2\/posts\/71743","targetHints":{"allow":["GET"]}}],"collection":[{"href":"https:\/\/lahora.mx\/index.php\/wp-json\/wp\/v2\/posts"}],"about":[{"href":"https:\/\/lahora.mx\/index.php\/wp-json\/wp\/v2\/types\/post"}],"author":[{"embeddable":true,"href":"https:\/\/lahora.mx\/index.php\/wp-json\/wp\/v2\/users\/1"}],"replies":[{"embeddable":true,"href":"https:\/\/lahora.mx\/index.php\/wp-json\/wp\/v2\/comments?post=71743"}],"version-history":[{"count":2,"href":"https:\/\/lahora.mx\/index.php\/wp-json\/wp\/v2\/posts\/71743\/revisions"}],"predecessor-version":[{"id":71746,"href":"https:\/\/lahora.mx\/index.php\/wp-json\/wp\/v2\/posts\/71743\/revisions\/71746"}],"wp:featuredmedia":[{"embeddable":true,"href":"https:\/\/lahora.mx\/index.php\/wp-json\/wp\/v2\/media\/71744"}],"wp:attachment":[{"href":"https:\/\/lahora.mx\/index.php\/wp-json\/wp\/v2\/media?parent=71743"}],"wp:term":[{"taxonomy":"category","embeddable":true,"href":"https:\/\/lahora.mx\/index.php\/wp-json\/wp\/v2\/categories?post=71743"},{"taxonomy":"post_tag","embeddable":true,"href":"https:\/\/lahora.mx\/index.php\/wp-json\/wp\/v2\/tags?post=71743"}],"curies":[{"name":"wp","href":"https:\/\/api.w.org\/{rel}","templated":true}]}}