{"id":71682,"date":"2025-11-23T16:22:20","date_gmt":"2025-11-23T16:22:20","guid":{"rendered":"https:\/\/lahora.mx\/?p=71682"},"modified":"2025-11-23T16:22:21","modified_gmt":"2025-11-23T16:22:21","slug":"maraton-de-puebla-2025-reune-a-20-mil-personas","status":"publish","type":"post","link":"https:\/\/lahora.mx\/index.php\/2025\/11\/23\/maraton-de-puebla-2025-reune-a-20-mil-personas\/","title":{"rendered":"Marat\u00f3n de Puebla 2025 re\u00fane a 20 mil personas"},"content":{"rendered":"\n<p>El gobernador Alejandro Armenta reafirm\u00f3 que en la entidad el deporte es una prioridad y una pol\u00edtica de estado, que reconstruye el tejido social.<\/p>\n\n\n\n<p>Puebla Pue._ Con el compromiso de impulsar el deporte y la reconstrucci\u00f3n del tejido social en la entidad, con gran emoci\u00f3n, el gobernador Alejandro Armenta, dio el banderazo de salida a las y los competidores del Marat\u00f3n Puebla 2025, competencia que reuni\u00f3 a m\u00e1s de 20 mil corredores de talla nacional e internacional. <\/p>\n\n\n\n<p>Previo a la salida de los corredores, el mandatario reconoci\u00f3 a las y los atletas y subray\u00f3 que son un orgullo para todos los poblanos; record\u00f3 que este sector es pol\u00edtica de estado y una prioridad, en concordancia con la pol\u00edtica de fomento de la salud a trav\u00e9s de la pr\u00e1ctica deportiva, por parte del gobierno encabezado por la presidenta Claudia Sheinbaum.<\/p>\n\n\n\n<p>Como muestra al impulso a la actividad f\u00edsica, de alto rendimiento y de convivencia familiar, en punto de las 6:25 horas en un ambiente plenamente deportivo y familiar, el titular del Ejecutivo, Alejandro Armenta, acompa\u00f1ado de la secretaria de Deporte y Juventud, Gaby \u00abLa Bonita\u00bb S\u00e1nchez e integrantes del gabinete estatal, dieron el banderazo de salida a las y los competidores en sus diferentes categor\u00edas.<\/p>\n\n\n\n<p>En su mensaje, la secretaria de Deporte y Juventud, Gaby \u00abLa Bonita\u00bb S\u00e1nchez, celebr\u00f3 el entusiasmo y la participaci\u00f3n de miles de corredoras y corredores. Recalc\u00f3 que en esta edici\u00f3n se recuperaron las categor\u00edas de 5 y 10 kil\u00f3metros, con el objetivo de hacer del Marat\u00f3n Puebla 2025 un evento m\u00e1s incluyente, masivo y familiar.<\/p>\n\n\n\n<p>Katia Garc\u00eda Barrios, es originaria de la Ciudad de M\u00e9xico, desde hace 20 a\u00f1os corre maratones y es la segunda ocasi\u00f3n que participa en la competencia de Puebla, el a\u00f1o pasado corri\u00f3 el Medio Marat\u00f3n y en esta ocasi\u00f3n opt\u00f3 por los 42 kil\u00f3metros y asegur\u00f3 que es muy fundamental mantenerse saludable. <\/p>\n\n\n\n<p>\u00abEs importante fomentar el deporte para la salud f\u00edsica y mental\u00bb, afirm\u00f3 Katia al asegurar que la organizaci\u00f3n del evento es muy buena y cada a\u00f1o se suman m\u00e1s maratonistas.Carlos Rivera corri\u00f3 los 42 kil\u00f3metros, consider\u00f3 como un gran reto el Marat\u00f3n. <\/p>\n\n\n\n<p>Tambi\u00e9n, reconoci\u00f3 el impulso que hace el gobierno estatal en todas las disciplinas deportivas. <\/p>\n\n\n\n<p>El atleta acompa\u00f1\u00f3 en la carrera a Aurelio Rivas quien es una persona con discapacidad visual, originario del Estado de M\u00e9xico y qui\u00e9n coment\u00f3 que por primera vez  corre en Puebla, por ello exhort\u00f3 a m\u00e1s personas a ejercitarse.<\/p>\n\n\n\n<p>Fidel Aguilar, atleta con discapacidad motriz, particip\u00f3 en el Marat\u00f3n Puebla 2025 y expres\u00f3 su agradecimiento al Gobierno del Estado por fomentar el deporte incluyente y generar espacios donde todas y todos puedan competir. <\/p>\n\n\n\n<p>Reconoci\u00f3 que este tipo de eventos fortalecen su preparaci\u00f3n rumbo a competencias internacionales, como la que pr\u00f3ximamente enfrentar\u00e1 en Los \u00c1ngeles. <\/p>\n\n\n\n<p>Destac\u00f3 el marat\u00f3n como una gran experiencia, que refleja el compromiso del gobierno con la inclusi\u00f3n y el alto rendimiento.<\/p>\n\n\n\n<p>Con esta edici\u00f3n, Puebla se consolida como sede de eventos deportivos de gran proyecci\u00f3n nacional e internacional, al promover no solo el talento deportivo local y la convivencia familiar, sino tambi\u00e9n el turismo y la activaci\u00f3n f\u00edsica.<\/p>\n","protected":false},"excerpt":{"rendered":"<p>El gobernador Alejandro Armenta reafirm\u00f3 que en la entidad el deporte es una prioridad y una pol\u00edtica de estado, que reconstruye el tejido social. Puebla Pue._ Con el compromiso de impulsar el deporte y la reconstrucci\u00f3n del tejido social en la entidad, con gran emoci\u00f3n, el gobernador Alejandro Armenta, dio el banderazo de salida a [&hellip;]<\/p>\n","protected":false},"author":1,"featured_media":71684,"comment_status":"open","ping_status":"open","sticky":false,"template":"","format":"standard","meta":{"om_disable_all_campaigns":false,"_monsterinsights_skip_tracking":false,"_monsterinsights_sitenote_active":false,"_monsterinsights_sitenote_note":"","_monsterinsights_sitenote_category":0,"footnotes":""},"categories":[175],"tags":[195],"class_list":["post-71682","post","type-post","status-publish","format-standard","has-post-thumbnail","hentry","category-local","tag-principal"],"amp_enabled":true,"_links":{"self":[{"href":"https:\/\/lahora.mx\/index.php\/wp-json\/wp\/v2\/posts\/71682","targetHints":{"allow":["GET"]}}],"collection":[{"href":"https:\/\/lahora.mx\/index.php\/wp-json\/wp\/v2\/posts"}],"about":[{"href":"https:\/\/lahora.mx\/index.php\/wp-json\/wp\/v2\/types\/post"}],"author":[{"embeddable":true,"href":"https:\/\/lahora.mx\/index.php\/wp-json\/wp\/v2\/users\/1"}],"replies":[{"embeddable":true,"href":"https:\/\/lahora.mx\/index.php\/wp-json\/wp\/v2\/comments?post=71682"}],"version-history":[{"count":1,"href":"https:\/\/lahora.mx\/index.php\/wp-json\/wp\/v2\/posts\/71682\/revisions"}],"predecessor-version":[{"id":71685,"href":"https:\/\/lahora.mx\/index.php\/wp-json\/wp\/v2\/posts\/71682\/revisions\/71685"}],"wp:featuredmedia":[{"embeddable":true,"href":"https:\/\/lahora.mx\/index.php\/wp-json\/wp\/v2\/media\/71684"}],"wp:attachment":[{"href":"https:\/\/lahora.mx\/index.php\/wp-json\/wp\/v2\/media?parent=71682"}],"wp:term":[{"taxonomy":"category","embeddable":true,"href":"https:\/\/lahora.mx\/index.php\/wp-json\/wp\/v2\/categories?post=71682"},{"taxonomy":"post_tag","embeddable":true,"href":"https:\/\/lahora.mx\/index.php\/wp-json\/wp\/v2\/tags?post=71682"}],"curies":[{"name":"wp","href":"https:\/\/api.w.org\/{rel}","templated":true}]}}