{"id":71676,"date":"2025-11-23T14:32:39","date_gmt":"2025-11-23T14:32:39","guid":{"rendered":"https:\/\/lahora.mx\/?p=71676"},"modified":"2025-11-23T14:32:40","modified_gmt":"2025-11-23T14:32:40","slug":"preven-posible-dispersion-de-ceniza-del-popocatepetl-hacia-puebla-morelos-edomex-y-cdmx","status":"publish","type":"post","link":"https:\/\/lahora.mx\/index.php\/2025\/11\/23\/preven-posible-dispersion-de-ceniza-del-popocatepetl-hacia-puebla-morelos-edomex-y-cdmx\/","title":{"rendered":"Prev\u00e9n posible dispersi\u00f3n de ceniza del Popocat\u00e9petl hacia Puebla, Morelos, Edomex y CDMX"},"content":{"rendered":"\n<p>Las autoridades de Protecci\u00f3n Civil difundieron el pron\u00f3stico de vientos para las pr\u00f3ximas horas, en el que se advierte la posible dispersi\u00f3n de ceniza del volc\u00e1n Popocat\u00e9petl en caso de que registre nuevas emisiones. De acuerdo con el modelo HYSPLIT, las corrientes atmosf\u00e9ricas podr\u00edan transportar el material volc\u00e1nico hacia diferentes regiones del centro del pa\u00eds.<\/p>\n\n\n\n<p>En territorio poblano, la ceniza podr\u00eda dirigirse hacia el Valle de Atlixco, la zona de Angel\u00f3polis y el Valle Serd\u00e1n, \u00e1reas que hist\u00f3ricamente han sido afectadas por la actividad del coloso.<\/p>\n\n\n\n<p>Asimismo, el pron\u00f3stico se\u00f1ala que la dispersi\u00f3n podr\u00eda extenderse hacia los estados de Morelos, Estado de M\u00e9xico e incluso alcanzar la Ciudad de M\u00e9xico, dependiendo de la intensidad y altura de la emisi\u00f3n.<\/p>\n\n\n\n<p>Protecci\u00f3n Civil recomend\u00f3 mantenerse atentos a los avisos oficiales y seguir medidas preventivas en caso de ca\u00edda de ceniza, como cubrir dep\u00f3sitos de agua, evitar actividades al aire libre y proteger ojos, nariz y boca.<\/p>\n","protected":false},"excerpt":{"rendered":"<p>Las autoridades de Protecci\u00f3n Civil difundieron el pron\u00f3stico de vientos para las pr\u00f3ximas horas, en el que se advierte la posible dispersi\u00f3n de ceniza del volc\u00e1n Popocat\u00e9petl en caso de que registre nuevas emisiones. De acuerdo con el modelo HYSPLIT, las corrientes atmosf\u00e9ricas podr\u00edan transportar el material volc\u00e1nico hacia diferentes regiones del centro del pa\u00eds. [&hellip;]<\/p>\n","protected":false},"author":1,"featured_media":71677,"comment_status":"open","ping_status":"open","sticky":false,"template":"","format":"standard","meta":{"om_disable_all_campaigns":false,"_monsterinsights_skip_tracking":false,"_monsterinsights_sitenote_active":false,"_monsterinsights_sitenote_note":"","_monsterinsights_sitenote_category":0,"footnotes":""},"categories":[175,176],"tags":[],"class_list":["post-71676","post","type-post","status-publish","format-standard","has-post-thumbnail","hentry","category-local","category-nacional"],"amp_enabled":true,"_links":{"self":[{"href":"https:\/\/lahora.mx\/index.php\/wp-json\/wp\/v2\/posts\/71676","targetHints":{"allow":["GET"]}}],"collection":[{"href":"https:\/\/lahora.mx\/index.php\/wp-json\/wp\/v2\/posts"}],"about":[{"href":"https:\/\/lahora.mx\/index.php\/wp-json\/wp\/v2\/types\/post"}],"author":[{"embeddable":true,"href":"https:\/\/lahora.mx\/index.php\/wp-json\/wp\/v2\/users\/1"}],"replies":[{"embeddable":true,"href":"https:\/\/lahora.mx\/index.php\/wp-json\/wp\/v2\/comments?post=71676"}],"version-history":[{"count":1,"href":"https:\/\/lahora.mx\/index.php\/wp-json\/wp\/v2\/posts\/71676\/revisions"}],"predecessor-version":[{"id":71678,"href":"https:\/\/lahora.mx\/index.php\/wp-json\/wp\/v2\/posts\/71676\/revisions\/71678"}],"wp:featuredmedia":[{"embeddable":true,"href":"https:\/\/lahora.mx\/index.php\/wp-json\/wp\/v2\/media\/71677"}],"wp:attachment":[{"href":"https:\/\/lahora.mx\/index.php\/wp-json\/wp\/v2\/media?parent=71676"}],"wp:term":[{"taxonomy":"category","embeddable":true,"href":"https:\/\/lahora.mx\/index.php\/wp-json\/wp\/v2\/categories?post=71676"},{"taxonomy":"post_tag","embeddable":true,"href":"https:\/\/lahora.mx\/index.php\/wp-json\/wp\/v2\/tags?post=71676"}],"curies":[{"name":"wp","href":"https:\/\/api.w.org\/{rel}","templated":true}]}}