{"id":71673,"date":"2025-11-23T14:30:48","date_gmt":"2025-11-23T14:30:48","guid":{"rendered":"https:\/\/lahora.mx\/?p=71673"},"modified":"2025-11-23T14:30:49","modified_gmt":"2025-11-23T14:30:49","slug":"licitan-mantenimiento-de-22-arcos-carreteros-en-puebla-abarca-equipo-tecnologico","status":"publish","type":"post","link":"https:\/\/lahora.mx\/index.php\/2025\/11\/23\/licitan-mantenimiento-de-22-arcos-carreteros-en-puebla-abarca-equipo-tecnologico\/","title":{"rendered":"Licitan mantenimiento de 22 arcos carreteros en Puebla; abarca equipo tecnol\u00f3gico"},"content":{"rendered":"\n<p>El gobierno estatal dar\u00e1 mantenimiento correctivo preventivo a 22 arcos carreteros y adquirir\u00e1 una ambulancia y cuatro camionetas de traslado de personas privadas de la libertad, de acuerdo con dos licitaciones p\u00fablicas emitidas por el Consejo Estatal de Coordinaci\u00f3n del Sistema Nacional de Seguridad P\u00fablica.<\/p>\n\n\n\n<p><\/p>\n\n\n\n<p>En una primera licitaci\u00f3n con n\u00famero GEP-SPFA-LPN-299-606\/2025, el Consejo convoc\u00f3 a las empresas interesadas en ofrecer el servicio de mantenimiento preventivo y correctivo de 22 arcos carreteros, que incluye licencia vitalicia y soporte t\u00e9cnico, a participar en el concurso para obtener el contrato.<\/p>\n\n\n\n<p>La firma que resulte seleccionada deber\u00e1 realizar el servicio a partir del d\u00eda h\u00e1bil siguiente a la formalizaci\u00f3n del contrato y hasta el 31 de diciembre en los 22 arcos, ubicados en los municipios de Huejotzingo, Palmar de Bravo, Atlixco, Cuapiaxtla de Madero, Iz\u00facar de Matamoros y Tehuac\u00e1n, as\u00ed como en el Arco Norte, Bulevar 5 de Mayo, la Recta a Cholula y Perif\u00e9rico Ecol\u00f3gico.<\/p>\n\n\n\n<p>Aunque cada arco de seguridad tiene diferentes requerimientos, se establece que los servicios deber\u00e1n incluir como m\u00ednimo la mano de obra, materiales de consumo y, en su caso, refacciones o equipo tecnol\u00f3gico con el fin de garantizar \u00f3ptimo funcionamiento y precisi\u00f3n en tiempo real, en cuanto al reconocimiento de matr\u00edculas vehiculares y radiofrecuencia de veh\u00edculos con reporte de robo activo o inter\u00e9s.<\/p>\n\n\n\n<p>Adem\u00e1s de los 22 arcos en donde ser\u00e1 instalado el sistema de monitoreo vehicular, tambi\u00e9n deber\u00e1 ser habilitado en siete centros de mando m\u00f3viles, que funcionan en camionetas tipo Van.<\/p>\n\n\n\n<p>El proveedor deber\u00e1 realizar un levantamiento tecnol\u00f3gico de los 22 arcos carreteros dentro de los 5 d\u00edas h\u00e1biles posteriores a la firma del contrato y previo al inicio de los mantenimientos para realizar un cronograma de actividades.<\/p>\n\n\n\n<p>Comprar\u00e1n veh\u00edculos para ambulancia y traslado de internos<br>Por otra parte, con la licitaci\u00f3n GEP-SPFA-LPN-300-656\/2025, el gobierno busca proveedor de una ambulancia de traslado, tipo Van II, balizada y equipada, modelo 2025 o superior y cuatro camionetas que ser\u00e1n usadas para trasladar a personas privadas de la libertad, modelo 2025 o superior, tipo Van, color blanco, con reforzamiento y acorazamiento consistente en la cancelaci\u00f3n de la puerta lateral deslizable.<\/p>\n\n\n\n<p>En su interior, las cuatro camionetas deben tener aislamiento termo ac\u00fastico en paredes y techo, anti flama y auto extinguible, contar con una pared divisora frontal fabricada en acero calibre 18, cubierta con paneles de madera laminados, colocada atr\u00e1s de la banca de asientos de conducci\u00f3n.<\/p>\n\n\n\n<p>Tambi\u00e9n tienen que contar con una pared divisora trasera fabricada en tubular de acero calibre 16 y 18, cubierta con malla perforada en acero calibre 14, recubierta con pintura electroest\u00e1tica color negro, misma que incluir\u00e1 una puerta de 50 cent\u00edmetros de ancho, fabricada con el mismo material con porta candado y una jaladera de acero para facilitar el acceso a la unidad, colocada a lado de la puerta de acceso.<\/p>\n\n\n\n<p>Otra caracter\u00edstica es que en su equipamiento deben incluir un juego de dos bancas de tubo de acero calibres 16 y 14, colocadas a los costados y a lo largo de la unidad en su \u00e1rea de carga, as\u00ed como porta esposas y porta grilletes fijados a las bancas.<\/p>\n\n\n\n<p>\u27a1\ufe0f Suscr\u00edbete a nuestro Newsletter y recibe las notas m\u00e1s relevantes en tu correo<\/p>\n\n\n\n<p>Para ambas licitaciones se establecieron las mismas fechas en los procedimientos, que las empresas interesadas en obtener los contratos tendr\u00e1n que asistir a la junta de aclaraciones el 25 de noviembre, a la presentaci\u00f3n de documentos y propuestas t\u00e9cnicas el 1 de diciembre y a dar a conocer sus proposiciones de tipo econ\u00f3mico el 5 de diciembre, ya que el fallo se emitir\u00e1 el 8 de diciembre a partir de las 17:00 horas.<\/p>\n","protected":false},"excerpt":{"rendered":"<p>El gobierno estatal dar\u00e1 mantenimiento correctivo preventivo a 22 arcos carreteros y adquirir\u00e1 una ambulancia y cuatro camionetas de traslado de personas privadas de la libertad, de acuerdo con dos licitaciones p\u00fablicas emitidas por el Consejo Estatal de Coordinaci\u00f3n del Sistema Nacional de Seguridad P\u00fablica. En una primera licitaci\u00f3n con n\u00famero GEP-SPFA-LPN-299-606\/2025, el Consejo convoc\u00f3 [&hellip;]<\/p>\n","protected":false},"author":1,"featured_media":71674,"comment_status":"open","ping_status":"open","sticky":false,"template":"","format":"standard","meta":{"om_disable_all_campaigns":false,"_monsterinsights_skip_tracking":false,"_monsterinsights_sitenote_active":false,"_monsterinsights_sitenote_note":"","_monsterinsights_sitenote_category":0,"footnotes":""},"categories":[175],"tags":[223],"class_list":["post-71673","post","type-post","status-publish","format-standard","has-post-thumbnail","hentry","category-local","tag-puebla"],"amp_enabled":true,"_links":{"self":[{"href":"https:\/\/lahora.mx\/index.php\/wp-json\/wp\/v2\/posts\/71673","targetHints":{"allow":["GET"]}}],"collection":[{"href":"https:\/\/lahora.mx\/index.php\/wp-json\/wp\/v2\/posts"}],"about":[{"href":"https:\/\/lahora.mx\/index.php\/wp-json\/wp\/v2\/types\/post"}],"author":[{"embeddable":true,"href":"https:\/\/lahora.mx\/index.php\/wp-json\/wp\/v2\/users\/1"}],"replies":[{"embeddable":true,"href":"https:\/\/lahora.mx\/index.php\/wp-json\/wp\/v2\/comments?post=71673"}],"version-history":[{"count":1,"href":"https:\/\/lahora.mx\/index.php\/wp-json\/wp\/v2\/posts\/71673\/revisions"}],"predecessor-version":[{"id":71675,"href":"https:\/\/lahora.mx\/index.php\/wp-json\/wp\/v2\/posts\/71673\/revisions\/71675"}],"wp:featuredmedia":[{"embeddable":true,"href":"https:\/\/lahora.mx\/index.php\/wp-json\/wp\/v2\/media\/71674"}],"wp:attachment":[{"href":"https:\/\/lahora.mx\/index.php\/wp-json\/wp\/v2\/media?parent=71673"}],"wp:term":[{"taxonomy":"category","embeddable":true,"href":"https:\/\/lahora.mx\/index.php\/wp-json\/wp\/v2\/categories?post=71673"},{"taxonomy":"post_tag","embeddable":true,"href":"https:\/\/lahora.mx\/index.php\/wp-json\/wp\/v2\/tags?post=71673"}],"curies":[{"name":"wp","href":"https:\/\/api.w.org\/{rel}","templated":true}]}}