{"id":7167,"date":"2022-05-19T19:29:54","date_gmt":"2022-05-19T19:29:54","guid":{"rendered":"http:\/\/lahora.mx\/?p=7167"},"modified":"2022-05-19T19:29:55","modified_gmt":"2022-05-19T19:29:55","slug":"explota-un-polvorin-en-santo-tomas-hueyotlipan","status":"publish","type":"post","link":"https:\/\/lahora.mx\/index.php\/2022\/05\/19\/explota-un-polvorin-en-santo-tomas-hueyotlipan\/","title":{"rendered":"Explota un polvor\u00edn en Santo Tom\u00e1s Hueyotlipan"},"content":{"rendered":"\n<p>La&nbsp;<strong>explosi\u00f3n de un<\/strong>&nbsp;<strong>polvor\u00edn<\/strong>&nbsp;se registr\u00f3 la ma\u00f1ana de este jueves en la&nbsp;<strong>junta auxiliar de San Miguel Zacaola&nbsp;<\/strong>perteneciente al municipio de&nbsp;<strong>Santo Tom\u00e1s Hueyotlipan<\/strong>, en el lugar se encuentran elementos de&nbsp;<strong>Protecci\u00f3n Civil<\/strong>&nbsp;quienes informaron de manera preliminar el&nbsp;<strong>saldo<\/strong>&nbsp;de&nbsp;<strong>dos muertos<\/strong>&nbsp;y varios lesionados, sin embargo, tras las&nbsp;<strong>diligencias<\/strong>&nbsp;dar\u00e1n a conocer el&nbsp;<strong>saldo final.<\/strong><\/p>\n\n\n\n<p>La&nbsp;<strong>explosi\u00f3n<\/strong>&nbsp;se registr\u00f3 alrededor de las 09:00 horas en la calle 6 oriente y 2 norte en un&nbsp;<strong>taller de pirotecnia<\/strong>, vecinos de la zona fueron quienes alertaron sobre la&nbsp;<strong>fuerte explosi\u00f3n<\/strong>&nbsp;ya que&nbsp;<strong>retumb\u00f3<\/strong>&nbsp;en puertas y ventanas, destruyendo algunas, adem\u00e1s de que se oy\u00f3 en&nbsp;<strong>municipios aleda\u00f1os.<\/strong><\/p>\n\n\n\n<p>Al lugar de los hechos acudi\u00f3&nbsp;<strong>personal de PC<\/strong>, as\u00ed como personal de seguridad de este municipio por lo que hasta el momento no se sabe una&nbsp;<strong>cifra exacta<\/strong>&nbsp;de lesionados y&nbsp;<strong>muertos<\/strong>&nbsp;en el lugar.<\/p>\n","protected":false},"excerpt":{"rendered":"<p>La&nbsp;explosi\u00f3n de un&nbsp;polvor\u00edn&nbsp;se registr\u00f3 la ma\u00f1ana de este jueves en la&nbsp;junta auxiliar de San Miguel Zacaola&nbsp;perteneciente al municipio de&nbsp;Santo Tom\u00e1s Hueyotlipan, en el lugar se encuentran elementos de&nbsp;Protecci\u00f3n Civil&nbsp;quienes informaron de manera preliminar el&nbsp;saldo&nbsp;de&nbsp;dos muertos&nbsp;y varios lesionados, sin embargo, tras las&nbsp;diligencias&nbsp;dar\u00e1n a conocer el&nbsp;saldo final. La&nbsp;explosi\u00f3n&nbsp;se registr\u00f3 alrededor de las 09:00 horas en la calle [&hellip;]<\/p>\n","protected":false},"author":4,"featured_media":7168,"comment_status":"open","ping_status":"open","sticky":false,"template":"","format":"standard","meta":{"om_disable_all_campaigns":false,"_monsterinsights_skip_tracking":false,"_monsterinsights_sitenote_active":false,"_monsterinsights_sitenote_note":"","_monsterinsights_sitenote_category":0,"footnotes":""},"categories":[175,226],"tags":[195,223],"class_list":["post-7167","post","type-post","status-publish","format-standard","has-post-thumbnail","hentry","category-local","category-policia","tag-principal","tag-puebla"],"amp_enabled":true,"_links":{"self":[{"href":"https:\/\/lahora.mx\/index.php\/wp-json\/wp\/v2\/posts\/7167","targetHints":{"allow":["GET"]}}],"collection":[{"href":"https:\/\/lahora.mx\/index.php\/wp-json\/wp\/v2\/posts"}],"about":[{"href":"https:\/\/lahora.mx\/index.php\/wp-json\/wp\/v2\/types\/post"}],"author":[{"embeddable":true,"href":"https:\/\/lahora.mx\/index.php\/wp-json\/wp\/v2\/users\/4"}],"replies":[{"embeddable":true,"href":"https:\/\/lahora.mx\/index.php\/wp-json\/wp\/v2\/comments?post=7167"}],"version-history":[{"count":1,"href":"https:\/\/lahora.mx\/index.php\/wp-json\/wp\/v2\/posts\/7167\/revisions"}],"predecessor-version":[{"id":7169,"href":"https:\/\/lahora.mx\/index.php\/wp-json\/wp\/v2\/posts\/7167\/revisions\/7169"}],"wp:featuredmedia":[{"embeddable":true,"href":"https:\/\/lahora.mx\/index.php\/wp-json\/wp\/v2\/media\/7168"}],"wp:attachment":[{"href":"https:\/\/lahora.mx\/index.php\/wp-json\/wp\/v2\/media?parent=7167"}],"wp:term":[{"taxonomy":"category","embeddable":true,"href":"https:\/\/lahora.mx\/index.php\/wp-json\/wp\/v2\/categories?post=7167"},{"taxonomy":"post_tag","embeddable":true,"href":"https:\/\/lahora.mx\/index.php\/wp-json\/wp\/v2\/tags?post=7167"}],"curies":[{"name":"wp","href":"https:\/\/api.w.org\/{rel}","templated":true}]}}