{"id":71657,"date":"2025-11-22T17:56:09","date_gmt":"2025-11-22T17:56:09","guid":{"rendered":"https:\/\/lahora.mx\/?p=71657"},"modified":"2025-11-22T17:56:10","modified_gmt":"2025-11-22T17:56:10","slug":"carrera-clandestina-en-la-atlixcayotl-deja-dos-muertos","status":"publish","type":"post","link":"https:\/\/lahora.mx\/index.php\/2025\/11\/22\/carrera-clandestina-en-la-atlixcayotl-deja-dos-muertos\/","title":{"rendered":"Carrera clandestina en la Atlixc\u00e1yotl deja dos muertos"},"content":{"rendered":"\n<p>Dos muertos y un lesionado dej\u00f3 como saldo una carrera clandestina de autom\u00f3viles en la V\u00eda Atlixc\u00e1yotl en la ciudad de Puebla est\u00e1 madrugada.<\/p>\n\n\n\n<p>El accidente vehicular sucedi\u00f3 a la altura de la agencia de autos Honda, en donde un autom\u00f3vil Subaru de color azul se impact\u00f3 contra un poste de luz de la CFE.<\/p>\n\n\n\n<p><strong>En el percance tres j\u00f3venes de 21 a\u00f1os<\/strong> quedaron pensados, dos de ellos perdieron la vida y uno qued\u00f3 gravemente lesionado.<\/p>\n\n\n\n<p>De acuerdo a los testigos los tripulantes participaban en arrancones contra un\u00a0<strong>Porsche<\/strong>, pero perdieron el control y  se estrellaron contra el poste. <\/p>\n\n\n\n<p>Al lugar llegaron param\u00e9dicos, quienes utilizaron equipo especial para lograr liberar al conductor y dos pasajeros, sin embargo, se confirm\u00f3 la muerte de Rub\u00e9n Alonso de 21 a\u00f1os de edad, quien conduc\u00eda el veh\u00edculo.<\/p>\n\n\n\n<p>Tambi\u00e9n se rescat\u00f3 a C\u00e9sar Emilio de 25 a\u00f1os y Paulina de 21 a\u00f1os, ambos viabajan como pasajeros, sin embargo, se inform\u00f3 que el primero muri\u00f3 en el traslado y la joven se reporta como grave.<\/p>\n","protected":false},"excerpt":{"rendered":"<p>Dos muertos y un lesionado dej\u00f3 como saldo una carrera clandestina de autom\u00f3viles en la V\u00eda Atlixc\u00e1yotl en la ciudad de Puebla est\u00e1 madrugada. El accidente vehicular sucedi\u00f3 a la altura de la agencia de autos Honda, en donde un autom\u00f3vil Subaru de color azul se impact\u00f3 contra un poste de luz de la CFE. [&hellip;]<\/p>\n","protected":false},"author":1,"featured_media":71658,"comment_status":"open","ping_status":"open","sticky":false,"template":"","format":"standard","meta":{"om_disable_all_campaigns":false,"_monsterinsights_skip_tracking":false,"_monsterinsights_sitenote_active":false,"_monsterinsights_sitenote_note":"","_monsterinsights_sitenote_category":0,"footnotes":""},"categories":[175],"tags":[195],"class_list":["post-71657","post","type-post","status-publish","format-standard","has-post-thumbnail","hentry","category-local","tag-principal"],"amp_enabled":true,"_links":{"self":[{"href":"https:\/\/lahora.mx\/index.php\/wp-json\/wp\/v2\/posts\/71657","targetHints":{"allow":["GET"]}}],"collection":[{"href":"https:\/\/lahora.mx\/index.php\/wp-json\/wp\/v2\/posts"}],"about":[{"href":"https:\/\/lahora.mx\/index.php\/wp-json\/wp\/v2\/types\/post"}],"author":[{"embeddable":true,"href":"https:\/\/lahora.mx\/index.php\/wp-json\/wp\/v2\/users\/1"}],"replies":[{"embeddable":true,"href":"https:\/\/lahora.mx\/index.php\/wp-json\/wp\/v2\/comments?post=71657"}],"version-history":[{"count":1,"href":"https:\/\/lahora.mx\/index.php\/wp-json\/wp\/v2\/posts\/71657\/revisions"}],"predecessor-version":[{"id":71659,"href":"https:\/\/lahora.mx\/index.php\/wp-json\/wp\/v2\/posts\/71657\/revisions\/71659"}],"wp:featuredmedia":[{"embeddable":true,"href":"https:\/\/lahora.mx\/index.php\/wp-json\/wp\/v2\/media\/71658"}],"wp:attachment":[{"href":"https:\/\/lahora.mx\/index.php\/wp-json\/wp\/v2\/media?parent=71657"}],"wp:term":[{"taxonomy":"category","embeddable":true,"href":"https:\/\/lahora.mx\/index.php\/wp-json\/wp\/v2\/categories?post=71657"},{"taxonomy":"post_tag","embeddable":true,"href":"https:\/\/lahora.mx\/index.php\/wp-json\/wp\/v2\/tags?post=71657"}],"curies":[{"name":"wp","href":"https:\/\/api.w.org\/{rel}","templated":true}]}}