{"id":71653,"date":"2025-11-22T17:41:02","date_gmt":"2025-11-22T17:41:02","guid":{"rendered":"https:\/\/lahora.mx\/?p=71653"},"modified":"2025-11-22T17:41:03","modified_gmt":"2025-11-22T17:41:03","slug":"el-alcalde-roberto-solis-inaugura-la-villa-navidena-2025-en-huejotzingo","status":"publish","type":"post","link":"https:\/\/lahora.mx\/index.php\/2025\/11\/22\/el-alcalde-roberto-solis-inaugura-la-villa-navidena-2025-en-huejotzingo\/","title":{"rendered":"El alcalde Roberto Sol\u00eds inaugura la Villa Navide\u00f1a 2025 en Huejotzingo"},"content":{"rendered":"\n<p>El alcalde de Huejotzingo, Roberto Sol\u00eds Valles, encabez\u00f3 el ya tradicional encendido de la segunda edici\u00f3n de la Villa Navide\u00f1a 2025, acompa\u00f1ado por la Presidenta Honoraria del Sistema Municipal DIF, Shamy Spezia, y la Secretaria de Turismo y Cultura del Municipio, Andrea Morales Garc\u00eda.<\/p>\n\n\n\n<p>Tras la espectacular iluminaci\u00f3n del \u00e1rbol principal, el edil realiz\u00f3 un recorrido por las instalaciones junto a los invitados especiales, entre ellos el Presidente de la Junta de Gobierno y Coordinaci\u00f3n Pol\u00edtica del Congreso del Estado, P\u00e1vel Gaspar Ram\u00edrez, la Diputada Local, Ana Laura G\u00f3mez Ram\u00edrez as\u00ed como representantes del sector tur\u00edstico y cultural del municipio<\/p>\n\n\n\n<p>Los miles de asistentes que se dieron cita pudieron disfrutar de las cuatro zonas tem\u00e1ticas que conforman esta edici\u00f3n: Duendilandia, Candyland, Reino Encantado y Zona Claus, adem\u00e1s de un imponente \u00e1rbol navide\u00f1o, juegos mec\u00e1nicos para todas las edades y un amplio corredor gastron\u00f3mico, convirtiendo este espacio en un punto de encuentro para las familias.La Villa Navide\u00f1a permanecer\u00e1 abierta al p\u00fablico del 21 de noviembre de 2025 al 6 de enero de 2026, con acceso gratuito. <\/p>\n\n\n\n<p>Las autoridades municipales estiman la visita de m\u00e1s de 50 mil personas durante las siete semanas del evento, as\u00ed como una derrama econ\u00f3mica superior a los 14 millones de pesos, lo que consolida a Huejotzingo como uno de los destinos navide\u00f1os m\u00e1s atractivos del estado<\/p>\n\n\n\n<p>El momento cumbre llegar\u00e1 el 19 de diciembre con el Gran Desfile Navide\u00f1o, que promete llenar de color, m\u00fasica y alegr\u00eda las principales calles del municipio.<\/p>\n\n\n\n<p>Con esta segunda edici\u00f3n, Huejotzingo reafirma su compromiso de ofrecer a familias locales y visitantes una experiencia llena de luz, tradici\u00f3n y magia en el coraz\u00f3n del Pueblo M\u00e1gico.<\/p>\n","protected":false},"excerpt":{"rendered":"<p>El alcalde de Huejotzingo, Roberto Sol\u00eds Valles, encabez\u00f3 el ya tradicional encendido de la segunda edici\u00f3n de la Villa Navide\u00f1a 2025, acompa\u00f1ado por la Presidenta Honoraria del Sistema Municipal DIF, Shamy Spezia, y la Secretaria de Turismo y Cultura del Municipio, Andrea Morales Garc\u00eda. Tras la espectacular iluminaci\u00f3n del \u00e1rbol principal, el edil realiz\u00f3 un [&hellip;]<\/p>\n","protected":false},"author":1,"featured_media":71654,"comment_status":"open","ping_status":"open","sticky":false,"template":"","format":"standard","meta":{"om_disable_all_campaigns":false,"_monsterinsights_skip_tracking":false,"_monsterinsights_sitenote_active":false,"_monsterinsights_sitenote_note":"","_monsterinsights_sitenote_category":0,"footnotes":""},"categories":[175],"tags":[195],"class_list":["post-71653","post","type-post","status-publish","format-standard","has-post-thumbnail","hentry","category-local","tag-principal"],"amp_enabled":true,"_links":{"self":[{"href":"https:\/\/lahora.mx\/index.php\/wp-json\/wp\/v2\/posts\/71653","targetHints":{"allow":["GET"]}}],"collection":[{"href":"https:\/\/lahora.mx\/index.php\/wp-json\/wp\/v2\/posts"}],"about":[{"href":"https:\/\/lahora.mx\/index.php\/wp-json\/wp\/v2\/types\/post"}],"author":[{"embeddable":true,"href":"https:\/\/lahora.mx\/index.php\/wp-json\/wp\/v2\/users\/1"}],"replies":[{"embeddable":true,"href":"https:\/\/lahora.mx\/index.php\/wp-json\/wp\/v2\/comments?post=71653"}],"version-history":[{"count":1,"href":"https:\/\/lahora.mx\/index.php\/wp-json\/wp\/v2\/posts\/71653\/revisions"}],"predecessor-version":[{"id":71655,"href":"https:\/\/lahora.mx\/index.php\/wp-json\/wp\/v2\/posts\/71653\/revisions\/71655"}],"wp:featuredmedia":[{"embeddable":true,"href":"https:\/\/lahora.mx\/index.php\/wp-json\/wp\/v2\/media\/71654"}],"wp:attachment":[{"href":"https:\/\/lahora.mx\/index.php\/wp-json\/wp\/v2\/media?parent=71653"}],"wp:term":[{"taxonomy":"category","embeddable":true,"href":"https:\/\/lahora.mx\/index.php\/wp-json\/wp\/v2\/categories?post=71653"},{"taxonomy":"post_tag","embeddable":true,"href":"https:\/\/lahora.mx\/index.php\/wp-json\/wp\/v2\/tags?post=71653"}],"curies":[{"name":"wp","href":"https:\/\/api.w.org\/{rel}","templated":true}]}}