{"id":71645,"date":"2025-11-22T02:29:03","date_gmt":"2025-11-22T02:29:03","guid":{"rendered":"https:\/\/lahora.mx\/?p=71645"},"modified":"2025-11-22T02:29:04","modified_gmt":"2025-11-22T02:29:04","slug":"trump-elogia-a-zohran-mamdani-y-afirma-que-sera-un-excelente-alcalde-de-nueva-york","status":"publish","type":"post","link":"https:\/\/lahora.mx\/index.php\/2025\/11\/22\/trump-elogia-a-zohran-mamdani-y-afirma-que-sera-un-excelente-alcalde-de-nueva-york\/","title":{"rendered":"Trump elogia a Zohran Mamdani y afirma que ser\u00e1 un excelente alcalde de Nueva York"},"content":{"rendered":"\n<p>El presidente Donald Trump elogi\u00f3 al alcalde electo de Nueva York, Zohran Mamdani , tras su primer encuentro oficial en la Casa Blanca , al que ambos calificaron como una \u201creuni\u00f3n muy productiva\u201d , pese a los ataques previos del mandatario durante la campa\u00f1a.<\/p>\n\n\n\n<p>\u201c Acabamos de tener una reuni\u00f3n estupenda, muy productiva. Creo que tendremos un excelente alcalde . Cuanto mejor lo haga, m\u00e1s feliz estar\u00e1. No hay diferencia de partido ni de nada, y le ayudaremos a hacer realidad el sue\u00f1o de todos: que Nueva York sea fuerte y muy segura\u00bb, declar\u00f3 Trump en rueda de prensa posterior.<br>El presidente subray\u00f3 su confianza en la capacidad de Mamdani , a quien pareci\u00f3 capaz de \u201c sorprender tanto a conservadores como a liberales \u201d, y afirm\u00f3 que se sentir\u00e1 \u201c muy c\u00f3modo en una Nueva York dirigida por \u00e9l \u201d.<\/p>\n\n\n\n<p>Por su parte, el nuevo alcalde agradeci\u00f3 el gesto y asegur\u00f3 que la reuni\u00f3n se centr\u00f3 en \u201cgarantizar la asequibilidad para los neoyorquinos\u201d , destacando temas como el alto costo del alquiler, los alimentos y los servicios p\u00fablicos , que empujaron a muchas familias a abandonar la ciudad.<\/p>\n\n\n\n<p>\u00bb Hemos hablado de c\u00f3mo hacer que Nueva York sea m\u00e1s habitable para todos . Aprecio el tiempo que pas\u00f3 con el presidente y espero trabajar juntos para lograr esa meta\u00bb, se\u00f1al\u00f3 Mamdani, quien destac\u00f3 que el di\u00e1logo se enfoc\u00f3 en \u00bb los puntos en com\u00fan y no en las diferencias \u201d.<\/p>\n\n\n\n<p>Ambos l\u00edderes abordaron tambi\u00e9n el tema del Servicio de Migraci\u00f3n y Control de Aduanas (ICE) , cuya presencia en algunas ciudades ha generado controversia. Trump asegur\u00f3 que trabajar\u00e1n juntos para resolver diferencias y enfatiz\u00f3 que su objetivo es \u201c sacar de las calles a la gente peligrosa \u201d, mientras que Mamdani coincidi\u00f3 en la necesidad de mantener la seguridad sin vulnerar derechos.<\/p>\n\n\n\n<p>Trump descart\u00f3 sus anteriores amenazas de retirar fondos federales a la ciudad y asegur\u00f3: \u201c Espero ayudar, no perjudicarle. Le apoyar\u00e9 para que haga un gran trabajo, aunque tengamos puntos de vista diferentes \u00ab.<\/p>\n\n\n\n<p>El encuentro marca un nuevo tono de cooperaci\u00f3n entre la administraci\u00f3n federal y el gobierno de la ciudad de Nueva York, despu\u00e9s de meses de confrontaci\u00f3n p\u00fablica durante la campa\u00f1a electoral.<\/p>\n","protected":false},"excerpt":{"rendered":"<p>El presidente Donald Trump elogi\u00f3 al alcalde electo de Nueva York, Zohran Mamdani , tras su primer encuentro oficial en la Casa Blanca , al que ambos calificaron como una \u201creuni\u00f3n muy productiva\u201d , pese a los ataques previos del mandatario durante la campa\u00f1a. \u201c Acabamos de tener una reuni\u00f3n estupenda, muy productiva. Creo que [&hellip;]<\/p>\n","protected":false},"author":1,"featured_media":71646,"comment_status":"open","ping_status":"open","sticky":false,"template":"","format":"standard","meta":{"om_disable_all_campaigns":false,"_monsterinsights_skip_tracking":false,"_monsterinsights_sitenote_active":false,"_monsterinsights_sitenote_note":"","_monsterinsights_sitenote_category":0,"footnotes":""},"categories":[183],"tags":[],"class_list":["post-71645","post","type-post","status-publish","format-standard","has-post-thumbnail","hentry","category-internacional"],"amp_enabled":true,"_links":{"self":[{"href":"https:\/\/lahora.mx\/index.php\/wp-json\/wp\/v2\/posts\/71645","targetHints":{"allow":["GET"]}}],"collection":[{"href":"https:\/\/lahora.mx\/index.php\/wp-json\/wp\/v2\/posts"}],"about":[{"href":"https:\/\/lahora.mx\/index.php\/wp-json\/wp\/v2\/types\/post"}],"author":[{"embeddable":true,"href":"https:\/\/lahora.mx\/index.php\/wp-json\/wp\/v2\/users\/1"}],"replies":[{"embeddable":true,"href":"https:\/\/lahora.mx\/index.php\/wp-json\/wp\/v2\/comments?post=71645"}],"version-history":[{"count":1,"href":"https:\/\/lahora.mx\/index.php\/wp-json\/wp\/v2\/posts\/71645\/revisions"}],"predecessor-version":[{"id":71647,"href":"https:\/\/lahora.mx\/index.php\/wp-json\/wp\/v2\/posts\/71645\/revisions\/71647"}],"wp:featuredmedia":[{"embeddable":true,"href":"https:\/\/lahora.mx\/index.php\/wp-json\/wp\/v2\/media\/71646"}],"wp:attachment":[{"href":"https:\/\/lahora.mx\/index.php\/wp-json\/wp\/v2\/media?parent=71645"}],"wp:term":[{"taxonomy":"category","embeddable":true,"href":"https:\/\/lahora.mx\/index.php\/wp-json\/wp\/v2\/categories?post=71645"},{"taxonomy":"post_tag","embeddable":true,"href":"https:\/\/lahora.mx\/index.php\/wp-json\/wp\/v2\/tags?post=71645"}],"curies":[{"name":"wp","href":"https:\/\/api.w.org\/{rel}","templated":true}]}}