{"id":71638,"date":"2025-11-22T01:02:48","date_gmt":"2025-11-22T01:02:48","guid":{"rendered":"https:\/\/lahora.mx\/?p=71638"},"modified":"2025-11-22T01:02:49","modified_gmt":"2025-11-22T01:02:49","slug":"puebla-consolida-un-modelo-pionero-de-paz-y-gobernabilidad","status":"publish","type":"post","link":"https:\/\/lahora.mx\/index.php\/2025\/11\/22\/puebla-consolida-un-modelo-pionero-de-paz-y-gobernabilidad\/","title":{"rendered":"Puebla consolida un modelo pionero de paz y gobernabilidad"},"content":{"rendered":"\n<p>Ante m\u00e1s de mil 300 personas, la subsecretaria de Construcci\u00f3n de Paz , Participaci\u00f3n Social y Asuntos Religiosos , de la Secretar\u00eda de Gobernaci\u00f3n del Gobierno de M\u00e9xico , Roc\u00edo B\u00e1rcena Molina , acompa\u00f1ada por el gobernador Alejandro Armenta , tom\u00f3 protesta al Consejo Estatal ya los Municipales de Paz y Justicia C\u00edvica , donde reconoci\u00f3 el trabajo del mandatario estatal al se\u00f1alar que \u201chabla con la verdad y con acciones. Le doy un aplauso, gracias por su \u00e9tica\u201d.<\/p>\n\n\n\n<p>La funcionaria federal destac\u00f3 el compromiso y liderazgo del Ejecutivo estatal para dar un paso fundamental en la consolidaci\u00f3n de un modelo de construcci\u00f3n de paz m\u00e1s humano, cercano y \u00e9tico, ya que dicha acci\u00f3n surge de la capacidad de escuchar y de la corresponsabilidad entre quienes comparten comunidad. Agrega que las y los presidentes municipales tienen la capacidad de generar paz, ya que en el territorio es donde nace dicho modelo. \u00abAhora Puebla construye paz\u00bb.<\/p>\n\n\n\n<p>La subsecretaria de Construcci\u00f3n de Paz , Participaci\u00f3n Social y Asuntos Religiosos , de la Secretar\u00eda de Gobernaci\u00f3n del Gobierno de M\u00e9xico , demostr\u00f3 que los Consejos Municipales son un ejemplo de c\u00f3mo quiere convivir la sociedad. \u201cLa paz se construye todos los d\u00edas en lo cotidiano, en la familia\u201d. Finalmente, exhort\u00f3 a las y los presidentes municipales que integren los consejos a trabajar sin descanso y con responsabilidad, ya que se trata de prevenir a trav\u00e9s de indicadores.<\/p>\n\n\n\n<p>Por su parte, el gobernador Alejandro Armenta subray\u00f3 que el encuentro es fundamental para lograr el anhelo de seguridad , el m\u00e1s sentido de la poblaci\u00f3n, ya que la gobernabilidad se construye con di\u00e1logo , consenso , aplicaci\u00f3n de la Ley y con sensibilidad, elementos que ha remarcado la presidenta Claudia Sheinbaum . Explic\u00f3 que todos los esfuerzos de la administraci\u00f3n que encabeza tienen el objetivo de generar paz , justicia y seguridad .<\/p>\n\n\n\n<p>El mandatario expres\u00f3 el apoyo del gobierno estatal a las y los presidentes municipales que luchan por la seguridad, para enfrentar juntos el reto de la seguridad y de la paz , de la misma forma en c\u00f3mo la presidenta Claudia Sheinbaum brinda apoyo a las y los gobernadores. \u201cEs tiempo de unir fuerzas para enfrentar el reto, el enemigo, el adversario, no es el compa\u00f1ero; el enemigo, el adversario, es la inseguridad , es la delincuencia \u201d, puntualiz\u00f3.<\/p>\n\n\n\n<p>En su intervenci\u00f3n, la titular de la Unidad de Asuntos Religiosos, Prevenci\u00f3n y Reconstrucci\u00f3n del Tejido Social , de la Secretar\u00eda de Gobernaci\u00f3n , Clara Luz Flores Carrales , resalt\u00f3 que Puebla es ejemplo de un importante programa piloto que atiende las causas, denominadas \u201cFamilias Fuertes\u201d , y que a partir de los resultados positivos se ha convertido en un referente para todo el pa\u00eds.<\/p>\n\n\n\n<p>El secretario de Gobernaci\u00f3n y secretario ejecutivo del Consejo Estatal de Paz y Justicia C\u00edvica , Samuel Aguilar Pala , afirm\u00f3 que la instalaci\u00f3n del consejo representa un momento hist\u00f3rico para Puebla , al tratarse de un \u00f3rgano verdaderamente incluyente, conformado por autoridades estatales, empresarios, acad\u00e9micos, personas en situaci\u00f3n de vulnerabilidad y representantes de pueblos ind\u00edgenas. Precis\u00f3 que los Consejos Municipales replicar\u00e1n esta misma estructura, y destac\u00f3 la importancia de atender las directrices planteadas por la presidenta de M\u00e9xico, Claudia Sheinbaum , especialmente en lo referente a la atenci\u00f3n de las causas que originan los problemas sociales.<\/p>\n\n\n\n<p>Los Consejos Municipales de Paz y Justicia C\u00edvica impulsan acciones de prevenci\u00f3n del delito y la violencia ; facilitar\u00e1n el diagn\u00f3stico comunitario, apoyar\u00e1n en la resoluci\u00f3n de conflictos comunitarios, fortalecer\u00e1n la construcci\u00f3n de una cultura de paz y convivencia, y dar\u00e1n seguimiento a un Plan de Trabajo Municipal .<\/p>\n","protected":false},"excerpt":{"rendered":"<p>Ante m\u00e1s de mil 300 personas, la subsecretaria de Construcci\u00f3n de Paz , Participaci\u00f3n Social y Asuntos Religiosos , de la Secretar\u00eda de Gobernaci\u00f3n del Gobierno de M\u00e9xico , Roc\u00edo B\u00e1rcena Molina , acompa\u00f1ada por el gobernador Alejandro Armenta , tom\u00f3 protesta al Consejo Estatal ya los Municipales de Paz y Justicia C\u00edvica , donde [&hellip;]<\/p>\n","protected":false},"author":1,"featured_media":71639,"comment_status":"open","ping_status":"open","sticky":false,"template":"","format":"standard","meta":{"om_disable_all_campaigns":false,"_monsterinsights_skip_tracking":false,"_monsterinsights_sitenote_active":false,"_monsterinsights_sitenote_note":"","_monsterinsights_sitenote_category":0,"footnotes":""},"categories":[175],"tags":[239,195,223],"class_list":["post-71638","post","type-post","status-publish","format-standard","has-post-thumbnail","hentry","category-local","tag-gobierno","tag-principal","tag-puebla"],"amp_enabled":true,"_links":{"self":[{"href":"https:\/\/lahora.mx\/index.php\/wp-json\/wp\/v2\/posts\/71638","targetHints":{"allow":["GET"]}}],"collection":[{"href":"https:\/\/lahora.mx\/index.php\/wp-json\/wp\/v2\/posts"}],"about":[{"href":"https:\/\/lahora.mx\/index.php\/wp-json\/wp\/v2\/types\/post"}],"author":[{"embeddable":true,"href":"https:\/\/lahora.mx\/index.php\/wp-json\/wp\/v2\/users\/1"}],"replies":[{"embeddable":true,"href":"https:\/\/lahora.mx\/index.php\/wp-json\/wp\/v2\/comments?post=71638"}],"version-history":[{"count":1,"href":"https:\/\/lahora.mx\/index.php\/wp-json\/wp\/v2\/posts\/71638\/revisions"}],"predecessor-version":[{"id":71640,"href":"https:\/\/lahora.mx\/index.php\/wp-json\/wp\/v2\/posts\/71638\/revisions\/71640"}],"wp:featuredmedia":[{"embeddable":true,"href":"https:\/\/lahora.mx\/index.php\/wp-json\/wp\/v2\/media\/71639"}],"wp:attachment":[{"href":"https:\/\/lahora.mx\/index.php\/wp-json\/wp\/v2\/media?parent=71638"}],"wp:term":[{"taxonomy":"category","embeddable":true,"href":"https:\/\/lahora.mx\/index.php\/wp-json\/wp\/v2\/categories?post=71638"},{"taxonomy":"post_tag","embeddable":true,"href":"https:\/\/lahora.mx\/index.php\/wp-json\/wp\/v2\/tags?post=71638"}],"curies":[{"name":"wp","href":"https:\/\/api.w.org\/{rel}","templated":true}]}}