{"id":71625,"date":"2025-11-21T23:13:24","date_gmt":"2025-11-21T23:13:24","guid":{"rendered":"https:\/\/lahora.mx\/?p=71625"},"modified":"2025-11-21T23:13:25","modified_gmt":"2025-11-21T23:13:25","slug":"coordina-ssp-acciones-de-seguridad-en-atzizintla","status":"publish","type":"post","link":"https:\/\/lahora.mx\/index.php\/2025\/11\/21\/coordina-ssp-acciones-de-seguridad-en-atzizintla\/","title":{"rendered":"Coordina SSP acciones de seguridad en Atzizintla"},"content":{"rendered":"\n<p>Como parte del acompa\u00f1amiento institucional del Gobierno del Estado de Puebla y en seguimiento a las acciones coordinadas para preservar la paz, la Secretar\u00eda de Seguridad P\u00fablica (SSP) coordina las acciones t\u00e1cticas y reactivas en el municipio.<\/p>\n\n\n\n<p>Para mayor tranquilidad de las y los habitantes, la Polic\u00eda Estatal despleg\u00f3 un primer grupo de 25 elementos, quienes en estrecha coordinaci\u00f3n con Secretar\u00eda de Marina (SEMAR), Secretar\u00eda de la Defensa Nacional y Guardia Nacional, ya realizan labores de prevenci\u00f3n, vigilancia y reacci\u00f3n operativa.<\/p>\n\n\n\n<p>Tambi\u00e9n y con apoyo de veh\u00edculos blindados, las fuerzas de seguridad efect\u00faan patrullajes focalizados y coordinados con autoridades de Veracruz, a fin de garantizar el orden p\u00fablico y prevenir la comisi\u00f3n de delitos en la zona lim\u00edtrofe.<\/p>\n\n\n\n<p>Con apoyo del Ayuntamiento de Atzizintla, el Centro de Control, Comando, Coordinaci\u00f3n, Comunicaciones, C\u00f3mputo e Inteligencia (C5i) inici\u00f3 el reconocimiento de puntos estrat\u00e9gicos para la instalaci\u00f3n de c\u00e1maras de videovigilancia, en tanto, el personal operativo tambi\u00e9n realiz\u00f3 acciones de proximidad con pobladores, esto con el prop\u00f3sito de promover la cultura de la denuncia.<\/p>\n","protected":false},"excerpt":{"rendered":"<p>Como parte del acompa\u00f1amiento institucional del Gobierno del Estado de Puebla y en seguimiento a las acciones coordinadas para preservar la paz, la Secretar\u00eda de Seguridad P\u00fablica (SSP) coordina las acciones t\u00e1cticas y reactivas en el municipio. Para mayor tranquilidad de las y los habitantes, la Polic\u00eda Estatal despleg\u00f3 un primer grupo de 25 elementos, [&hellip;]<\/p>\n","protected":false},"author":1,"featured_media":71626,"comment_status":"open","ping_status":"open","sticky":false,"template":"","format":"standard","meta":{"om_disable_all_campaigns":false,"_monsterinsights_skip_tracking":false,"_monsterinsights_sitenote_active":false,"_monsterinsights_sitenote_note":"","_monsterinsights_sitenote_category":0,"footnotes":""},"categories":[175,226],"tags":[],"class_list":["post-71625","post","type-post","status-publish","format-standard","has-post-thumbnail","hentry","category-local","category-policia"],"amp_enabled":true,"_links":{"self":[{"href":"https:\/\/lahora.mx\/index.php\/wp-json\/wp\/v2\/posts\/71625","targetHints":{"allow":["GET"]}}],"collection":[{"href":"https:\/\/lahora.mx\/index.php\/wp-json\/wp\/v2\/posts"}],"about":[{"href":"https:\/\/lahora.mx\/index.php\/wp-json\/wp\/v2\/types\/post"}],"author":[{"embeddable":true,"href":"https:\/\/lahora.mx\/index.php\/wp-json\/wp\/v2\/users\/1"}],"replies":[{"embeddable":true,"href":"https:\/\/lahora.mx\/index.php\/wp-json\/wp\/v2\/comments?post=71625"}],"version-history":[{"count":1,"href":"https:\/\/lahora.mx\/index.php\/wp-json\/wp\/v2\/posts\/71625\/revisions"}],"predecessor-version":[{"id":71627,"href":"https:\/\/lahora.mx\/index.php\/wp-json\/wp\/v2\/posts\/71625\/revisions\/71627"}],"wp:featuredmedia":[{"embeddable":true,"href":"https:\/\/lahora.mx\/index.php\/wp-json\/wp\/v2\/media\/71626"}],"wp:attachment":[{"href":"https:\/\/lahora.mx\/index.php\/wp-json\/wp\/v2\/media?parent=71625"}],"wp:term":[{"taxonomy":"category","embeddable":true,"href":"https:\/\/lahora.mx\/index.php\/wp-json\/wp\/v2\/categories?post=71625"},{"taxonomy":"post_tag","embeddable":true,"href":"https:\/\/lahora.mx\/index.php\/wp-json\/wp\/v2\/tags?post=71625"}],"curies":[{"name":"wp","href":"https:\/\/api.w.org\/{rel}","templated":true}]}}