{"id":71617,"date":"2025-11-21T23:11:48","date_gmt":"2025-11-21T23:11:48","guid":{"rendered":"https:\/\/lahora.mx\/?p=71617"},"modified":"2025-11-21T23:11:48","modified_gmt":"2025-11-21T23:11:48","slug":"ariadna-ayala-anuncia-nuevo-modulo-de-seguridad-en-la-zona-norte-de-atlixco","status":"publish","type":"post","link":"https:\/\/lahora.mx\/index.php\/2025\/11\/21\/ariadna-ayala-anuncia-nuevo-modulo-de-seguridad-en-la-zona-norte-de-atlixco\/","title":{"rendered":"Ariadna Ayala anuncia nuevo m\u00f3dulo de seguridad en la zona norte de Atlixco"},"content":{"rendered":"\n<p>La presidenta de Atlixco, Ariadna Ayala confirm\u00f3 la instalaci\u00f3n de un M\u00f3dulo de Seguridad en la zona norte de Atlixco, ubicado en la entrada de la carretera federal Puebla\u2013Atlixco, a la altura de los fraccionamientos Homex y Valle Real, un punto estrat\u00e9gico por su crecimiento poblacional y alto flujo vehicular.<\/p>\n\n\n\n<p>Ariadna Ayala explic\u00f3 que este nuevo espacio forma parte de la estrategia municipal para reforzar la seguridad y mejorar la atenci\u00f3n a habitantes y visitantes. Destac\u00f3 adem\u00e1s el respaldo del gobernador Alejandro Armenta, cuyo apoyo ha permitido avanzar en esta infraestructura.<\/p>\n\n\n\n<p>El m\u00f3dulo contar\u00e1 con vigilancia permanente, atenci\u00f3n inmediata a emergencias, acompa\u00f1amiento a la ciudadan\u00eda, dormitorios, sanitarios, regaderas, asistencia tur\u00edstica y una tienda \u201c5 de Mayo\u201d.<\/p>\n\n\n\n<p>Con esta obra, el gobierno de Ariadna Ayala busca consolidar un entorno m\u00e1s seguro, ordenado y con servicios accesibles para quienes viven y transitan por la zona norte de Atlixco.<\/p>\n","protected":false},"excerpt":{"rendered":"<p>La presidenta de Atlixco, Ariadna Ayala confirm\u00f3 la instalaci\u00f3n de un M\u00f3dulo de Seguridad en la zona norte de Atlixco, ubicado en la entrada de la carretera federal Puebla\u2013Atlixco, a la altura de los fraccionamientos Homex y Valle Real, un punto estrat\u00e9gico por su crecimiento poblacional y alto flujo vehicular. Ariadna Ayala explic\u00f3 que este [&hellip;]<\/p>\n","protected":false},"author":1,"featured_media":71620,"comment_status":"open","ping_status":"open","sticky":false,"template":"","format":"standard","meta":{"om_disable_all_campaigns":false,"_monsterinsights_skip_tracking":false,"_monsterinsights_sitenote_active":false,"_monsterinsights_sitenote_note":"","_monsterinsights_sitenote_category":0,"footnotes":""},"categories":[175,5],"tags":[],"class_list":["post-71617","post","type-post","status-publish","format-standard","has-post-thumbnail","hentry","category-local","category-politica"],"amp_enabled":true,"_links":{"self":[{"href":"https:\/\/lahora.mx\/index.php\/wp-json\/wp\/v2\/posts\/71617","targetHints":{"allow":["GET"]}}],"collection":[{"href":"https:\/\/lahora.mx\/index.php\/wp-json\/wp\/v2\/posts"}],"about":[{"href":"https:\/\/lahora.mx\/index.php\/wp-json\/wp\/v2\/types\/post"}],"author":[{"embeddable":true,"href":"https:\/\/lahora.mx\/index.php\/wp-json\/wp\/v2\/users\/1"}],"replies":[{"embeddable":true,"href":"https:\/\/lahora.mx\/index.php\/wp-json\/wp\/v2\/comments?post=71617"}],"version-history":[{"count":1,"href":"https:\/\/lahora.mx\/index.php\/wp-json\/wp\/v2\/posts\/71617\/revisions"}],"predecessor-version":[{"id":71621,"href":"https:\/\/lahora.mx\/index.php\/wp-json\/wp\/v2\/posts\/71617\/revisions\/71621"}],"wp:featuredmedia":[{"embeddable":true,"href":"https:\/\/lahora.mx\/index.php\/wp-json\/wp\/v2\/media\/71620"}],"wp:attachment":[{"href":"https:\/\/lahora.mx\/index.php\/wp-json\/wp\/v2\/media?parent=71617"}],"wp:term":[{"taxonomy":"category","embeddable":true,"href":"https:\/\/lahora.mx\/index.php\/wp-json\/wp\/v2\/categories?post=71617"},{"taxonomy":"post_tag","embeddable":true,"href":"https:\/\/lahora.mx\/index.php\/wp-json\/wp\/v2\/tags?post=71617"}],"curies":[{"name":"wp","href":"https:\/\/api.w.org\/{rel}","templated":true}]}}