{"id":71613,"date":"2025-11-21T20:42:53","date_gmt":"2025-11-21T20:42:53","guid":{"rendered":"https:\/\/lahora.mx\/?p=71613"},"modified":"2025-11-21T20:42:54","modified_gmt":"2025-11-21T20:42:54","slug":"ayuntamiento-de-tlaxcala-encabeza-capacitacion-regional-en-prevencion-de-riesgos-por-gas-natural","status":"publish","type":"post","link":"https:\/\/lahora.mx\/index.php\/2025\/11\/21\/ayuntamiento-de-tlaxcala-encabeza-capacitacion-regional-en-prevencion-de-riesgos-por-gas-natural\/","title":{"rendered":"Ayuntamiento de Tlaxcala encabeza capacitaci\u00f3n regional en prevenci\u00f3n de riesgos por gas natural"},"content":{"rendered":"\n<p>El Gobierno Municipal de Tlaxcala, que preside Alfonso S\u00e1nchez Garc\u00eda, mediante la Coordinaci\u00f3n de Protecci\u00f3n Civil y en colaboraci\u00f3n con la empresa Engie, llev\u00f3 a cabo la capacitaci\u00f3n \u201cPrevenci\u00f3n de Riesgos\u201d, dirigida a fortalecer la cultura de la seguridad en torno al uso y manejo del gas natural.<\/p>\n\n\n\n<p>La Coordinaci\u00f3n de Protecci\u00f3n Civil Municipal de Tlaxcala, encabezada por Iv\u00e1n Cano Linares, fue la instancia que gestion\u00f3 y convoc\u00f3 esta importante instrucci\u00f3n, convirtiendo al Ayuntamiento de Tlaxcala en el punto de reuni\u00f3n y articulaci\u00f3n regional para que diversas \u00e1reas de Protecci\u00f3n Civil de municipios aleda\u00f1os que cuentan con ductos de gas natural se sumaran y formaran parte de esta jornada formativa.<\/p>\n\n\n\n<p>Los municipios participantes fueron Santa Isabel Xiloxoxtla, Nat\u00edvitas, Contla de Juan Cuamatzi, San Pablo Apetatitl\u00e1n de Antonio Carvajal, Santa Isabel Tetlatlahuca, San Juan Totolac, San Francisco Tepeyanco y Calpulalpan.<\/p>\n\n\n\n<p>Los asistentes recibieron informaci\u00f3n esencial sobre medidas de seguridad, identificaci\u00f3n de riesgos, actuaci\u00f3n ante posibles fugas y rutas de evacuaci\u00f3n en caso de emergencia.<\/p>\n\n\n\n<p>Esta preparaci\u00f3n tuvo como prop\u00f3sito reforzar los conocimientos t\u00e9cnicos del personal de Protecci\u00f3n Civil para garantizar respuestas oportunas y seguras ante cualquier situaci\u00f3n relacionada con el gas natural, adem\u00e1s de promover la prevenci\u00f3n como eje fundamental en el cuidado de la poblaci\u00f3n.<\/p>\n\n\n\n<p>Con acciones como esta, la administraci\u00f3n 2024-2027 refuerza la formaci\u00f3n continua de su personal, siempre en beneficio de todas y de todos.<\/p>\n","protected":false},"excerpt":{"rendered":"<p>El Gobierno Municipal de Tlaxcala, que preside Alfonso S\u00e1nchez Garc\u00eda, mediante la Coordinaci\u00f3n de Protecci\u00f3n Civil y en colaboraci\u00f3n con la empresa Engie, llev\u00f3 a cabo la capacitaci\u00f3n \u201cPrevenci\u00f3n de Riesgos\u201d, dirigida a fortalecer la cultura de la seguridad en torno al uso y manejo del gas natural. La Coordinaci\u00f3n de Protecci\u00f3n Civil Municipal de [&hellip;]<\/p>\n","protected":false},"author":1,"featured_media":71615,"comment_status":"open","ping_status":"open","sticky":false,"template":"","format":"standard","meta":{"om_disable_all_campaigns":false,"_monsterinsights_skip_tracking":false,"_monsterinsights_sitenote_active":false,"_monsterinsights_sitenote_note":"","_monsterinsights_sitenote_category":0,"footnotes":""},"categories":[175],"tags":[210],"class_list":["post-71613","post","type-post","status-publish","format-standard","has-post-thumbnail","hentry","category-local","tag-tlaxcala"],"amp_enabled":true,"_links":{"self":[{"href":"https:\/\/lahora.mx\/index.php\/wp-json\/wp\/v2\/posts\/71613","targetHints":{"allow":["GET"]}}],"collection":[{"href":"https:\/\/lahora.mx\/index.php\/wp-json\/wp\/v2\/posts"}],"about":[{"href":"https:\/\/lahora.mx\/index.php\/wp-json\/wp\/v2\/types\/post"}],"author":[{"embeddable":true,"href":"https:\/\/lahora.mx\/index.php\/wp-json\/wp\/v2\/users\/1"}],"replies":[{"embeddable":true,"href":"https:\/\/lahora.mx\/index.php\/wp-json\/wp\/v2\/comments?post=71613"}],"version-history":[{"count":1,"href":"https:\/\/lahora.mx\/index.php\/wp-json\/wp\/v2\/posts\/71613\/revisions"}],"predecessor-version":[{"id":71616,"href":"https:\/\/lahora.mx\/index.php\/wp-json\/wp\/v2\/posts\/71613\/revisions\/71616"}],"wp:featuredmedia":[{"embeddable":true,"href":"https:\/\/lahora.mx\/index.php\/wp-json\/wp\/v2\/media\/71615"}],"wp:attachment":[{"href":"https:\/\/lahora.mx\/index.php\/wp-json\/wp\/v2\/media?parent=71613"}],"wp:term":[{"taxonomy":"category","embeddable":true,"href":"https:\/\/lahora.mx\/index.php\/wp-json\/wp\/v2\/categories?post=71613"},{"taxonomy":"post_tag","embeddable":true,"href":"https:\/\/lahora.mx\/index.php\/wp-json\/wp\/v2\/tags?post=71613"}],"curies":[{"name":"wp","href":"https:\/\/api.w.org\/{rel}","templated":true}]}}