{"id":71608,"date":"2025-11-21T16:21:14","date_gmt":"2025-11-21T16:21:14","guid":{"rendered":"https:\/\/lahora.mx\/?p=71608"},"modified":"2025-11-22T20:44:45","modified_gmt":"2025-11-22T20:44:45","slug":"viernes-caluroso-y-sin-lluvias-para-puebla-pc-preve-temperaturas-de-hasta-32oc-en-la-mixteca","status":"publish","type":"post","link":"https:\/\/lahora.mx\/index.php\/2025\/11\/21\/viernes-caluroso-y-sin-lluvias-para-puebla-pc-preve-temperaturas-de-hasta-32oc-en-la-mixteca\/","title":{"rendered":"Caluroso y sin lluvias para Puebla: PC prev\u00e9 temperaturas de hasta 32\u00baC en la Mixteca"},"content":{"rendered":"\n<p>Para este viernes, la Coordinaci\u00f3n General de Protecci\u00f3n Civil del Estado de Pueblapronostica un d\u00eda mayormente seco y con temperaturas de c\u00e1lidas a calurosas en gran parte del territorio poblano, descartando precipitaciones durante la jornada.<\/p>\n\n\n\n<p>De acuerdo con el reporte oficial de monitoreo, el term\u00f3metro registrar\u00e1 valores elevados esta tarde. Se prev\u00e9n m\u00e1ximas de 24 a 27\u00b0C para las zonas de Valle Serd\u00e1n, Valle de Atlixco y la Angel\u00f3polis.<br>Sin embargo, el calor ser\u00e1 m\u00e1s intenso en el interior del estado. Las autoridades destacan temperaturas de 28 a 29\u00b0C en las Sierras Norte, Nororiental y Negra. El punto m\u00e1s c\u00e1lido se registrar\u00e1 en la Mixteca, donde se espera una m\u00e1xima extrema de 32\u00b0C.<\/p>\n\n\n\n<p>El reporte meteorol\u00f3gico confirma que no se esperan lluvias en el estado durante el d\u00eda. No obstante, se estiman vientos provenientes del sur de 10 a 20 km\/h, con rachas que podr\u00edan alcanzar los 35 km\/h en la mayor parte de la entidad, por lo que se recomienda asegurar objetos que puedan ser desplazados por el aire.<\/p>\n\n\n\n<p>En cuanto al monitoreo de oc\u00e9anos, Protecci\u00f3n Civil informa que, aunque la temporada de ciclones sigue activa (con 18 nombrados en el Pac\u00edfico y 13 en el Atl\u00e1ntico hasta la fecha), actualmente no se espera actividad cicl\u00f3nica tropical en las pr\u00f3ximas 48 horas en ninguna de las dos costas.<\/p>\n\n\n\n<p>Las autoridades advierten que estas condiciones clim\u00e1ticas \u2014calor, viento y ausencia de lluvias\u2014 persistir\u00e1n dentro de las pr\u00f3ximas 48 horas, por lo que se exhorta a la poblaci\u00f3n a mantener precauciones, mantenerse hidratados y evitar la exposici\u00f3n prolongada al sol en las horas de mayor radiaci\u00f3n.<\/p>\n","protected":false},"excerpt":{"rendered":"<p>Para este viernes, la Coordinaci\u00f3n General de Protecci\u00f3n Civil del Estado de Pueblapronostica un d\u00eda mayormente seco y con temperaturas de c\u00e1lidas a calurosas en gran parte del territorio poblano, descartando precipitaciones durante la jornada. De acuerdo con el reporte oficial de monitoreo, el term\u00f3metro registrar\u00e1 valores elevados esta tarde. Se prev\u00e9n m\u00e1ximas de 24 [&hellip;]<\/p>\n","protected":false},"author":1,"featured_media":71609,"comment_status":"open","ping_status":"open","sticky":false,"template":"","format":"standard","meta":{"om_disable_all_campaigns":false,"_monsterinsights_skip_tracking":false,"_monsterinsights_sitenote_active":false,"_monsterinsights_sitenote_note":"","_monsterinsights_sitenote_category":0,"footnotes":""},"categories":[175],"tags":[223],"class_list":["post-71608","post","type-post","status-publish","format-standard","has-post-thumbnail","hentry","category-local","tag-puebla"],"amp_enabled":true,"_links":{"self":[{"href":"https:\/\/lahora.mx\/index.php\/wp-json\/wp\/v2\/posts\/71608","targetHints":{"allow":["GET"]}}],"collection":[{"href":"https:\/\/lahora.mx\/index.php\/wp-json\/wp\/v2\/posts"}],"about":[{"href":"https:\/\/lahora.mx\/index.php\/wp-json\/wp\/v2\/types\/post"}],"author":[{"embeddable":true,"href":"https:\/\/lahora.mx\/index.php\/wp-json\/wp\/v2\/users\/1"}],"replies":[{"embeddable":true,"href":"https:\/\/lahora.mx\/index.php\/wp-json\/wp\/v2\/comments?post=71608"}],"version-history":[{"count":2,"href":"https:\/\/lahora.mx\/index.php\/wp-json\/wp\/v2\/posts\/71608\/revisions"}],"predecessor-version":[{"id":71660,"href":"https:\/\/lahora.mx\/index.php\/wp-json\/wp\/v2\/posts\/71608\/revisions\/71660"}],"wp:featuredmedia":[{"embeddable":true,"href":"https:\/\/lahora.mx\/index.php\/wp-json\/wp\/v2\/media\/71609"}],"wp:attachment":[{"href":"https:\/\/lahora.mx\/index.php\/wp-json\/wp\/v2\/media?parent=71608"}],"wp:term":[{"taxonomy":"category","embeddable":true,"href":"https:\/\/lahora.mx\/index.php\/wp-json\/wp\/v2\/categories?post=71608"},{"taxonomy":"post_tag","embeddable":true,"href":"https:\/\/lahora.mx\/index.php\/wp-json\/wp\/v2\/tags?post=71608"}],"curies":[{"name":"wp","href":"https:\/\/api.w.org\/{rel}","templated":true}]}}