{"id":71593,"date":"2025-11-21T15:42:13","date_gmt":"2025-11-21T15:42:13","guid":{"rendered":"https:\/\/lahora.mx\/?p=71593"},"modified":"2025-11-21T15:42:14","modified_gmt":"2025-11-21T15:42:14","slug":"carambola-en-periferico-incluye-camioneta-que-transportaba-tanques-de-gas","status":"publish","type":"post","link":"https:\/\/lahora.mx\/index.php\/2025\/11\/21\/carambola-en-periferico-incluye-camioneta-que-transportaba-tanques-de-gas\/","title":{"rendered":"Carambola en Perif\u00e9rico incluye camioneta que transportaba tanques de gas"},"content":{"rendered":"\n<p>La ma\u00f1ana de este viernes se registr\u00f3 un accidente de consideraci\u00f3n sobre el Perif\u00e9rico Ecol\u00f3gico, a la altura de PeriPlaza, donde tres unidades resultaron involucradas: una camioneta que transportaba tanques de gas, un veh\u00edculo particular y un cami\u00f3n de carga.<\/p>\n\n\n\n<p>De acuerdo con los primeros reportes, el percance habr\u00eda iniciado cuando el cami\u00f3n de carga impact\u00f3 la parte trasera de la camioneta de gas.<br>El golpe provoc\u00f3 que la unidad se desestabilizara y terminara volcada sobre la carpeta asf\u00e1ltica. Poco despu\u00e9s, un autom\u00f3vil particular choc\u00f3 contra la camioneta ya volteada, agravando la situaci\u00f3n y extendiendo el bloqueo en los carriles.<\/p>\n\n\n\n<p>Servicios de emergencia y elementos de Tr\u00e1nsito acudieron al lugar para asegurar la zona debido al alto riesgo que representaban los tanques de gas dispersos tras la volcadura. Hasta el momento no se ha confirmado si hay personas lesionadas.<\/p>\n","protected":false},"excerpt":{"rendered":"<p>La ma\u00f1ana de este viernes se registr\u00f3 un accidente de consideraci\u00f3n sobre el Perif\u00e9rico Ecol\u00f3gico, a la altura de PeriPlaza, donde tres unidades resultaron involucradas: una camioneta que transportaba tanques de gas, un veh\u00edculo particular y un cami\u00f3n de carga. De acuerdo con los primeros reportes, el percance habr\u00eda iniciado cuando el cami\u00f3n de carga [&hellip;]<\/p>\n","protected":false},"author":1,"featured_media":71594,"comment_status":"open","ping_status":"open","sticky":false,"template":"","format":"standard","meta":{"om_disable_all_campaigns":false,"_monsterinsights_skip_tracking":false,"_monsterinsights_sitenote_active":false,"_monsterinsights_sitenote_note":"","_monsterinsights_sitenote_category":0,"footnotes":""},"categories":[175,226],"tags":[195],"class_list":["post-71593","post","type-post","status-publish","format-standard","has-post-thumbnail","hentry","category-local","category-policia","tag-principal"],"amp_enabled":true,"_links":{"self":[{"href":"https:\/\/lahora.mx\/index.php\/wp-json\/wp\/v2\/posts\/71593","targetHints":{"allow":["GET"]}}],"collection":[{"href":"https:\/\/lahora.mx\/index.php\/wp-json\/wp\/v2\/posts"}],"about":[{"href":"https:\/\/lahora.mx\/index.php\/wp-json\/wp\/v2\/types\/post"}],"author":[{"embeddable":true,"href":"https:\/\/lahora.mx\/index.php\/wp-json\/wp\/v2\/users\/1"}],"replies":[{"embeddable":true,"href":"https:\/\/lahora.mx\/index.php\/wp-json\/wp\/v2\/comments?post=71593"}],"version-history":[{"count":1,"href":"https:\/\/lahora.mx\/index.php\/wp-json\/wp\/v2\/posts\/71593\/revisions"}],"predecessor-version":[{"id":71595,"href":"https:\/\/lahora.mx\/index.php\/wp-json\/wp\/v2\/posts\/71593\/revisions\/71595"}],"wp:featuredmedia":[{"embeddable":true,"href":"https:\/\/lahora.mx\/index.php\/wp-json\/wp\/v2\/media\/71594"}],"wp:attachment":[{"href":"https:\/\/lahora.mx\/index.php\/wp-json\/wp\/v2\/media?parent=71593"}],"wp:term":[{"taxonomy":"category","embeddable":true,"href":"https:\/\/lahora.mx\/index.php\/wp-json\/wp\/v2\/categories?post=71593"},{"taxonomy":"post_tag","embeddable":true,"href":"https:\/\/lahora.mx\/index.php\/wp-json\/wp\/v2\/tags?post=71593"}],"curies":[{"name":"wp","href":"https:\/\/api.w.org\/{rel}","templated":true}]}}