{"id":71589,"date":"2025-11-21T14:04:35","date_gmt":"2025-11-21T14:04:35","guid":{"rendered":"https:\/\/lahora.mx\/?p=71589"},"modified":"2025-11-21T14:04:36","modified_gmt":"2025-11-21T14:04:36","slug":"apunalan-a-alcalde-de-tianguismanalco","status":"publish","type":"post","link":"https:\/\/lahora.mx\/index.php\/2025\/11\/21\/apunalan-a-alcalde-de-tianguismanalco\/","title":{"rendered":"Apu\u00f1alan a alcalde de Tianguismanalco"},"content":{"rendered":"\n<p>El alcalde de San Juan Tianguismalco Puebla, Juan P\u00e9rez Moral, fue apu\u00f1alado anoche cuando recorr\u00eda una obra en el z\u00f3calo de su municipio.<\/p>\n\n\n\n<p>De acuerdo a datos de los testigos y la polic\u00eda, un hombre con un cuchillo se acerc\u00f3 al edil y lo agredi\u00f3 en el cuello, dejandolo gravemente herido y tirado en el suelo. Sin embargo fue auxiliado de inmediato y trasladado al hospital \u00c1ngeles en Puebla capital.<\/p>\n\n\n\n<p>Hasta el momento se desconocen los motivos que dieron pie al ataque y las autoridades no han emitido una postura oficial al respecto.<\/p>\n\n\n\n<p>En las \u00faltimas horas trascendi\u00f3 la detenci\u00f3n del presunto responsable y su resguardo en el C5.<\/p>\n","protected":false},"excerpt":{"rendered":"<p>El alcalde de San Juan Tianguismalco Puebla, Juan P\u00e9rez Moral, fue apu\u00f1alado anoche cuando recorr\u00eda una obra en el z\u00f3calo de su municipio. De acuerdo a datos de los testigos y la polic\u00eda, un hombre con un cuchillo se acerc\u00f3 al edil y lo agredi\u00f3 en el cuello, dejandolo gravemente herido y tirado en el [&hellip;]<\/p>\n","protected":false},"author":1,"featured_media":71590,"comment_status":"open","ping_status":"open","sticky":false,"template":"","format":"standard","meta":{"om_disable_all_campaigns":false,"_monsterinsights_skip_tracking":false,"_monsterinsights_sitenote_active":false,"_monsterinsights_sitenote_note":"","_monsterinsights_sitenote_category":0,"footnotes":""},"categories":[175],"tags":[195],"class_list":["post-71589","post","type-post","status-publish","format-standard","has-post-thumbnail","hentry","category-local","tag-principal"],"amp_enabled":true,"_links":{"self":[{"href":"https:\/\/lahora.mx\/index.php\/wp-json\/wp\/v2\/posts\/71589","targetHints":{"allow":["GET"]}}],"collection":[{"href":"https:\/\/lahora.mx\/index.php\/wp-json\/wp\/v2\/posts"}],"about":[{"href":"https:\/\/lahora.mx\/index.php\/wp-json\/wp\/v2\/types\/post"}],"author":[{"embeddable":true,"href":"https:\/\/lahora.mx\/index.php\/wp-json\/wp\/v2\/users\/1"}],"replies":[{"embeddable":true,"href":"https:\/\/lahora.mx\/index.php\/wp-json\/wp\/v2\/comments?post=71589"}],"version-history":[{"count":1,"href":"https:\/\/lahora.mx\/index.php\/wp-json\/wp\/v2\/posts\/71589\/revisions"}],"predecessor-version":[{"id":71591,"href":"https:\/\/lahora.mx\/index.php\/wp-json\/wp\/v2\/posts\/71589\/revisions\/71591"}],"wp:featuredmedia":[{"embeddable":true,"href":"https:\/\/lahora.mx\/index.php\/wp-json\/wp\/v2\/media\/71590"}],"wp:attachment":[{"href":"https:\/\/lahora.mx\/index.php\/wp-json\/wp\/v2\/media?parent=71589"}],"wp:term":[{"taxonomy":"category","embeddable":true,"href":"https:\/\/lahora.mx\/index.php\/wp-json\/wp\/v2\/categories?post=71589"},{"taxonomy":"post_tag","embeddable":true,"href":"https:\/\/lahora.mx\/index.php\/wp-json\/wp\/v2\/tags?post=71589"}],"curies":[{"name":"wp","href":"https:\/\/api.w.org\/{rel}","templated":true}]}}