{"id":71580,"date":"2025-11-21T02:48:09","date_gmt":"2025-11-21T02:48:09","guid":{"rendered":"https:\/\/lahora.mx\/?p=71580"},"modified":"2025-11-21T02:48:10","modified_gmt":"2025-11-21T02:48:10","slug":"puebla-se-une-al-mega-proyecto-tecnologico-de-la-supercomputadora-nacional","status":"publish","type":"post","link":"https:\/\/lahora.mx\/index.php\/2025\/11\/21\/puebla-se-une-al-mega-proyecto-tecnologico-de-la-supercomputadora-nacional\/","title":{"rendered":"Puebla se une al mega proyecto tecnol\u00f3gico de la supercomputadora nacional"},"content":{"rendered":"\n<p>Puebla se perfila como uno de los actores clave en la innovaci\u00f3n tecnol\u00f3gica de M\u00e9xico, al integrarse a la construcci\u00f3n de la supercomputadora p\u00fablica m\u00e1s grande de Latinoam\u00e9rica. Este proyecto forma parte de una serie de iniciativas federales que buscan fortalecer la investigaci\u00f3n cient\u00edfica y el desarrollo de alta tecnolog\u00eda en el pa\u00eds.<\/p>\n\n\n\n<p>El gobernador Alejandro Armenta Mier confirm\u00f3 la participaci\u00f3n de la entidad poblana durante la conferencia de prensa de la presidenta Claudia Sheinbaum Pardo, y destac\u00f3 la colaboraci\u00f3n de la secretaria federal de Ciencia y Tecnolog\u00eda, Rosaura Ruiz Guti\u00e9rrez, responsable del desarrollo del proyecto, as\u00ed como de la secretaria Celina Pe\u00f1a, por su contribuci\u00f3n en la interpretaci\u00f3n de la visi\u00f3n de Ruiz.<br>\u201cPuebla participa, y quiero reconocer el trabajo de la maestra Rosaura y de la secretaria Celina Pe\u00f1a\u201d, se\u00f1al\u00f3 Armenta Mier, recordando que la entidad ya forma parte de varios proyectos tecnol\u00f3gicos impulsados por la Federaci\u00f3n.<\/p>\n\n\n\n<p>El gobierno estatal inform\u00f3 que Puebla colabora en 14 de 17 proyectos federales de innovaci\u00f3n tecnol\u00f3gica, con una inversi\u00f3n local de 200 millones de pesos. Entre ellos destacan:<\/p>\n\n\n\n<p>Centro Nacional de Semiconductores \u201cKutsari\u201d<br>Centro de Dise\u00f1o \u201cOlinia\u201d<br>Red Nacional de C\u00f3mputo de Alto Rendimiento<br>Otras iniciativas en las que participa Puebla incluyen:<br>Red Nacional de Divulgaci\u00f3n, Difusi\u00f3n y Comunicaci\u00f3n de la Ciencia<br>Universidad Nacional \u201cRosario Castellanos\u201d, \u00e1reas de salud y Eloxochitl\u00e1n<br>Constelaci\u00f3n de sat\u00e9lites de observaci\u00f3n terrestre de \u00f3rbita baja<br>Corredor Tur\u00edstico Tecnol\u00f3gico hacia el Gran Telescopio Milim\u00e9trico, Astroparque \u201cAlfonso Serrano\u201d<br>Consorcios universitarios RedEcos y de Semiconductores<br>Fortalecimiento de cadenas de valor de frijol, ma\u00edz y leche<br>Tecnificaci\u00f3n de la materia prima para artesan\u00edas mexicanas<br>Detalles de la supercomputadora m\u00e1s grande de Latinoam\u00e9rica<br>El proyecto contempla la creaci\u00f3n del Cl\u00faster Nacional de Superc\u00f3mputo y el Centro Mexicano de Superc\u00f3mputo, como parte del programa \u201cM\u00e9xico, pa\u00eds de innovaci\u00f3n\u201d, cuyo objetivo es desarrollar un dispositivo 100 % mexicano.<\/p>\n\n\n\n<p>Las actividades est\u00e1n programadas para iniciar en enero de 2026, mientras que m\u00e1s informaci\u00f3n oficial se dar\u00e1 a conocer en la \u00faltima semana de noviembre. Con este proyecto, M\u00e9xico busca consolidarse como un referente en investigaci\u00f3n tecnol\u00f3gica y computaci\u00f3n de alto rendimiento en Latinoam\u00e9rica, con Puebla como participante estrat\u00e9gico.<\/p>\n","protected":false},"excerpt":{"rendered":"<p>Puebla se perfila como uno de los actores clave en la innovaci\u00f3n tecnol\u00f3gica de M\u00e9xico, al integrarse a la construcci\u00f3n de la supercomputadora p\u00fablica m\u00e1s grande de Latinoam\u00e9rica. Este proyecto forma parte de una serie de iniciativas federales que buscan fortalecer la investigaci\u00f3n cient\u00edfica y el desarrollo de alta tecnolog\u00eda en el pa\u00eds. El gobernador [&hellip;]<\/p>\n","protected":false},"author":1,"featured_media":71581,"comment_status":"open","ping_status":"open","sticky":false,"template":"","format":"standard","meta":{"om_disable_all_campaigns":false,"_monsterinsights_skip_tracking":false,"_monsterinsights_sitenote_active":false,"_monsterinsights_sitenote_note":"","_monsterinsights_sitenote_category":0,"footnotes":""},"categories":[175],"tags":[239,223],"class_list":["post-71580","post","type-post","status-publish","format-standard","has-post-thumbnail","hentry","category-local","tag-gobierno","tag-puebla"],"amp_enabled":true,"_links":{"self":[{"href":"https:\/\/lahora.mx\/index.php\/wp-json\/wp\/v2\/posts\/71580","targetHints":{"allow":["GET"]}}],"collection":[{"href":"https:\/\/lahora.mx\/index.php\/wp-json\/wp\/v2\/posts"}],"about":[{"href":"https:\/\/lahora.mx\/index.php\/wp-json\/wp\/v2\/types\/post"}],"author":[{"embeddable":true,"href":"https:\/\/lahora.mx\/index.php\/wp-json\/wp\/v2\/users\/1"}],"replies":[{"embeddable":true,"href":"https:\/\/lahora.mx\/index.php\/wp-json\/wp\/v2\/comments?post=71580"}],"version-history":[{"count":1,"href":"https:\/\/lahora.mx\/index.php\/wp-json\/wp\/v2\/posts\/71580\/revisions"}],"predecessor-version":[{"id":71582,"href":"https:\/\/lahora.mx\/index.php\/wp-json\/wp\/v2\/posts\/71580\/revisions\/71582"}],"wp:featuredmedia":[{"embeddable":true,"href":"https:\/\/lahora.mx\/index.php\/wp-json\/wp\/v2\/media\/71581"}],"wp:attachment":[{"href":"https:\/\/lahora.mx\/index.php\/wp-json\/wp\/v2\/media?parent=71580"}],"wp:term":[{"taxonomy":"category","embeddable":true,"href":"https:\/\/lahora.mx\/index.php\/wp-json\/wp\/v2\/categories?post=71580"},{"taxonomy":"post_tag","embeddable":true,"href":"https:\/\/lahora.mx\/index.php\/wp-json\/wp\/v2\/tags?post=71580"}],"curies":[{"name":"wp","href":"https:\/\/api.w.org\/{rel}","templated":true}]}}