{"id":71555,"date":"2025-11-20T21:32:24","date_gmt":"2025-11-20T21:32:24","guid":{"rendered":"https:\/\/lahora.mx\/?p=71555"},"modified":"2025-11-20T21:32:25","modified_gmt":"2025-11-20T21:32:25","slug":"sedif-invita-al-medio-maraton-bachoco-2025-para-transformar-vidas","status":"publish","type":"post","link":"https:\/\/lahora.mx\/index.php\/2025\/11\/20\/sedif-invita-al-medio-maraton-bachoco-2025-para-transformar-vidas\/","title":{"rendered":"SEDIF invita al Medio Marat\u00f3n Bachoco 2025 para transformar vidas"},"content":{"rendered":"\n<p>El Sistema Estatal para el Desarrollo Integral de la Familia (SEDIF) y Bachoco sede Puebla invitan a las y los poblanos a participar en la tercera edici\u00f3n del Medio Marat\u00f3n Bachoco, que forma parte de la onceava edici\u00f3n a nivel nacional. Este evento impulsa la alimentaci\u00f3n de ni\u00f1as, ni\u00f1os y personas adultas mayores de las casas de asistencia de la dependencia.<\/p>\n\n\n\n<p>La presidenta del Patronato, Ceci Arellano, destac\u00f3 que al sumarse a esta causa no solo se fortalece la salud y la solidaridad de las y los participantes, si no tambi\u00e9n ayudan a proporcionar alimento, esperanza y mejores oportunidades para quienes m\u00e1s lo necesitan. Abund\u00f3 que actualmente el SEDIF a trav\u00e9s de las casas de: la Ni\u00f1ez, del Adolescente, Albergue Psiqui\u00e1trico Infantil, Cuneros, Casa de \u00c1ngeles, Albergue Vida Digna y Casa del Abue, ofrece cientos de comidas diarias, por lo que gracias a la actividad se continuar\u00e1 con esta labor.<\/p>\n\n\n\n<p>De igual forma, el SEDIF destac\u00f3 que cada inscripci\u00f3n generar\u00e1 un impacto directo, ya que Bachoco donar\u00e1 un kilo de pollo por corredor, mientras que todo lo recaudado se dirigir\u00e1 a los comedores del organismo, lo cual, refuerza el compromiso social de la empresa y el trabajo coordinado con el sector p\u00fablico, quienes desde hace a\u00f1os suman esfuerzos mediante la donaci\u00f3n peri\u00f3dica para mejorar la nutrici\u00f3n de los albergados.<\/p>\n\n\n\n<p>El Medio Marat\u00f3n se llevar\u00e1 a cabo el pr\u00f3ximo 7 de diciembre e iniciar\u00e1 a las 7:00 de la ma\u00f1ana, con salida y meta en Plaza La Victoria, Los Fuertes. El cierre de vialidades comenzar\u00e1 a las 5:30 de la ma\u00f1ana. Adem\u00e1s, habr\u00e1 actividades para todas las edades y niveles de condici\u00f3n f\u00edsica: Caminata familiar: 3 km; Carreras: 5 km, 10 km y 21 km; Carrera especial de 5 km para personas en sillas de ruedas y pueden participar con mascotas en cualquier distancia.<\/p>\n\n\n\n<p>Los paquetes de participaci\u00f3n tendr\u00e1n un costo de 420 pesos para las distancias de 3, 5 y 10 km, y 470 pesos para el medio marat\u00f3n, \u00e9stos incluyen: bolsa especial, gorra, playera y un obsequio sorpresa. Para quienes participen con mascotas, habr\u00e1 un paquete de 140 pesos, con playera, medalla, huesito con bolsas de recolecci\u00f3n, plato y productos del patrocinador CAMPI.<\/p>\n\n\n\n<p>Las personas interesadas pueden inscribirse en: Bachoco Super Tienda La Vista, Atlixc\u00e1yotl 4504; Bachoco La Paz, Av. Rosendo M\u00e1rquez 4114; Bachoco Pilares, 24 Sur 4329; Bachoco Plaza San Pedro, Boulevard Norte 2207 y tambi\u00e9n est\u00e1 disponible el registro en www.marcate.com.mx.<\/p>\n","protected":false},"excerpt":{"rendered":"<p>El Sistema Estatal para el Desarrollo Integral de la Familia (SEDIF) y Bachoco sede Puebla invitan a las y los poblanos a participar en la tercera edici\u00f3n del Medio Marat\u00f3n Bachoco, que forma parte de la onceava edici\u00f3n a nivel nacional. Este evento impulsa la alimentaci\u00f3n de ni\u00f1as, ni\u00f1os y personas adultas mayores de las [&hellip;]<\/p>\n","protected":false},"author":1,"featured_media":71556,"comment_status":"open","ping_status":"open","sticky":false,"template":"","format":"standard","meta":{"om_disable_all_campaigns":false,"_monsterinsights_skip_tracking":false,"_monsterinsights_sitenote_active":false,"_monsterinsights_sitenote_note":"","_monsterinsights_sitenote_category":0,"footnotes":""},"categories":[175],"tags":[239,223],"class_list":["post-71555","post","type-post","status-publish","format-standard","has-post-thumbnail","hentry","category-local","tag-gobierno","tag-puebla"],"amp_enabled":true,"_links":{"self":[{"href":"https:\/\/lahora.mx\/index.php\/wp-json\/wp\/v2\/posts\/71555","targetHints":{"allow":["GET"]}}],"collection":[{"href":"https:\/\/lahora.mx\/index.php\/wp-json\/wp\/v2\/posts"}],"about":[{"href":"https:\/\/lahora.mx\/index.php\/wp-json\/wp\/v2\/types\/post"}],"author":[{"embeddable":true,"href":"https:\/\/lahora.mx\/index.php\/wp-json\/wp\/v2\/users\/1"}],"replies":[{"embeddable":true,"href":"https:\/\/lahora.mx\/index.php\/wp-json\/wp\/v2\/comments?post=71555"}],"version-history":[{"count":1,"href":"https:\/\/lahora.mx\/index.php\/wp-json\/wp\/v2\/posts\/71555\/revisions"}],"predecessor-version":[{"id":71557,"href":"https:\/\/lahora.mx\/index.php\/wp-json\/wp\/v2\/posts\/71555\/revisions\/71557"}],"wp:featuredmedia":[{"embeddable":true,"href":"https:\/\/lahora.mx\/index.php\/wp-json\/wp\/v2\/media\/71556"}],"wp:attachment":[{"href":"https:\/\/lahora.mx\/index.php\/wp-json\/wp\/v2\/media?parent=71555"}],"wp:term":[{"taxonomy":"category","embeddable":true,"href":"https:\/\/lahora.mx\/index.php\/wp-json\/wp\/v2\/categories?post=71555"},{"taxonomy":"post_tag","embeddable":true,"href":"https:\/\/lahora.mx\/index.php\/wp-json\/wp\/v2\/tags?post=71555"}],"curies":[{"name":"wp","href":"https:\/\/api.w.org\/{rel}","templated":true}]}}