{"id":71552,"date":"2025-11-20T21:18:48","date_gmt":"2025-11-20T21:18:48","guid":{"rendered":"https:\/\/lahora.mx\/?p=71552"},"modified":"2025-11-20T21:18:49","modified_gmt":"2025-11-20T21:18:49","slug":"gobierno-de-alfonzo-sanchez-garcia-pone-en-marcha-jornadas-municipales-por-la-paz-en-tephitec","status":"publish","type":"post","link":"https:\/\/lahora.mx\/index.php\/2025\/11\/20\/gobierno-de-alfonzo-sanchez-garcia-pone-en-marcha-jornadas-municipales-por-la-paz-en-tephitec\/","title":{"rendered":"Gobierno de Alfonzo S\u00e1nchez Garc\u00eda pone en marcha Jornadas municipales por la paz en Tephitec"},"content":{"rendered":"\n<p>El Gobierno de Alfonso S\u00e1nchez Garc\u00eda llev\u00f3 a cabo la tarde de este mi\u00e9rcoles la primera edici\u00f3n de las \u201cJornadas Municipales por la Paz\u201d en la comunidad de Tepehitec, una estrategia de mejoramiento integral que recuper\u00f3 la cancha de basquetbol de esta localidad con diversas acciones de limpieza, poda y alumbrado.<\/p>\n\n\n\n<p>En esta ocasi\u00f3n el alcalde estuvo presente para saludar a las y los vecinos, escucharlos de forma directa y constatar los avances de los trabajos de mejora y embellecimiento.<\/p>\n\n\n\n<p>Durante el recorrido, recibi\u00f3 solicitudes espec\u00edficas \u2014principalmente relacionadas con el alumbrado p\u00fablico y el desazolve\u2014 y refrend\u00f3 su compromiso de extender estos beneficios a otras \u00e1reas de Tepehitec y de la capital.<\/p>\n\n\n\n<p>En tanto, las brigadas de diversas \u00e1reas del Ayuntamiento, encabezadas por la Direcci\u00f3n de Servicios P\u00fablicos Municipales, trabajaron de manera coordinada para entregar resultados visibles y de impacto inmediato.<\/p>\n\n\n\n<p>Durante esta jornada, las brigadas realizaron limpieza general, deshierbe, poda, retiro de basura, desazolve y rehabilitaci\u00f3n de luminarias. Estos trabajos forman parte de la estrategia municipal para mejorar el entorno urbano y fomentar la convivencia, construyendo as\u00ed espacios m\u00e1s seguros para las familias.<\/p>\n\n\n\n<p>Al final, \u00e1reas de la administraci\u00f3n como la Direcci\u00f3n de Seguridad P\u00fablica, el Instituto Municipal de la Mujer, entre otras, compartieron informaci\u00f3n con las y los vecinos para acercar m\u00e1s estas instancias a las necesidades ciudadanas.<\/p>\n\n\n\n<p>Estas Jornadas Municipales por la Paz, impulsadas desde la visi\u00f3n del alcalde de trabajar cerca de la ciudadan\u00eda, se suman a otras acciones que el Ayuntamiento ha mantenido en Tepehitec, como operativos de seguridad, mantenimiento de calles, actividades deportivas y culturales.<\/p>\n\n\n\n<p>Finalmente, el alcalde anunci\u00f3 que este esquema de faenas y actividades comunitarias continuar\u00e1 en otras comunidades y se priorizar\u00e1n las zonas con mayores peticiones ciudadanas y necesidades en servicios p\u00fablicos.<\/p>\n","protected":false},"excerpt":{"rendered":"<p>El Gobierno de Alfonso S\u00e1nchez Garc\u00eda llev\u00f3 a cabo la tarde de este mi\u00e9rcoles la primera edici\u00f3n de las \u201cJornadas Municipales por la Paz\u201d en la comunidad de Tepehitec, una estrategia de mejoramiento integral que recuper\u00f3 la cancha de basquetbol de esta localidad con diversas acciones de limpieza, poda y alumbrado. En esta ocasi\u00f3n el [&hellip;]<\/p>\n","protected":false},"author":1,"featured_media":71553,"comment_status":"open","ping_status":"open","sticky":false,"template":"","format":"standard","meta":{"om_disable_all_campaigns":false,"_monsterinsights_skip_tracking":false,"_monsterinsights_sitenote_active":false,"_monsterinsights_sitenote_note":"","_monsterinsights_sitenote_category":0,"footnotes":""},"categories":[175],"tags":[128],"class_list":["post-71552","post","type-post","status-publish","format-standard","has-post-thumbnail","hentry","category-local","tag-politics"],"amp_enabled":true,"_links":{"self":[{"href":"https:\/\/lahora.mx\/index.php\/wp-json\/wp\/v2\/posts\/71552","targetHints":{"allow":["GET"]}}],"collection":[{"href":"https:\/\/lahora.mx\/index.php\/wp-json\/wp\/v2\/posts"}],"about":[{"href":"https:\/\/lahora.mx\/index.php\/wp-json\/wp\/v2\/types\/post"}],"author":[{"embeddable":true,"href":"https:\/\/lahora.mx\/index.php\/wp-json\/wp\/v2\/users\/1"}],"replies":[{"embeddable":true,"href":"https:\/\/lahora.mx\/index.php\/wp-json\/wp\/v2\/comments?post=71552"}],"version-history":[{"count":1,"href":"https:\/\/lahora.mx\/index.php\/wp-json\/wp\/v2\/posts\/71552\/revisions"}],"predecessor-version":[{"id":71554,"href":"https:\/\/lahora.mx\/index.php\/wp-json\/wp\/v2\/posts\/71552\/revisions\/71554"}],"wp:featuredmedia":[{"embeddable":true,"href":"https:\/\/lahora.mx\/index.php\/wp-json\/wp\/v2\/media\/71553"}],"wp:attachment":[{"href":"https:\/\/lahora.mx\/index.php\/wp-json\/wp\/v2\/media?parent=71552"}],"wp:term":[{"taxonomy":"category","embeddable":true,"href":"https:\/\/lahora.mx\/index.php\/wp-json\/wp\/v2\/categories?post=71552"},{"taxonomy":"post_tag","embeddable":true,"href":"https:\/\/lahora.mx\/index.php\/wp-json\/wp\/v2\/tags?post=71552"}],"curies":[{"name":"wp","href":"https:\/\/api.w.org\/{rel}","templated":true}]}}