{"id":7151,"date":"2022-05-19T15:54:30","date_gmt":"2022-05-19T15:54:30","guid":{"rendered":"http:\/\/lahora.mx\/?p=7151"},"modified":"2022-05-19T15:54:31","modified_gmt":"2022-05-19T15:54:31","slug":"una-tercera-autopsia-de-debanhi-para-conocer-causas-de-su-muerte","status":"publish","type":"post","link":"https:\/\/lahora.mx\/index.php\/2022\/05\/19\/una-tercera-autopsia-de-debanhi-para-conocer-causas-de-su-muerte\/","title":{"rendered":"Una tercera autopsia de Debanhi para conocer causas de su muerte"},"content":{"rendered":"\n<p>Con el objetivo de ampliar las investigaciones y determinar as\u00ed las causas de la muerte de Debanhi Escobar, las autoridades federales y los padres de la joven acordaron con las de Nuevo Le\u00f3n en la realizaci\u00f3n de una tercera autopsia.<\/p>\n\n\n\n<p>En conferencia en Palacio Nacional, el funcionario federal explic\u00f3 que ayer, durante una reuni\u00f3n de seguimiento del caso, se acord\u00f3 solicitar una opini\u00f3n t\u00e9cnica, respecto a los dos estudios registrados, de manera conjunta con el Tribunal Superior de Justicia de la Ciudad de M\u00e9xico, la Comisi\u00f3n Nacional de B\u00fasqueda y la Comisi\u00f3n Ejecutiva de Atenci\u00f3n a V\u00edctimas, con la Fiscal\u00eda de Feminicidios de Nuevo Le\u00f3n.<br><\/p>\n\n\n\n<p>Contraria a la necropsia de las autoridades de Nuevo Le\u00f3n, que indica que Debanhi Escobar muri\u00f3, probablemente, de manera accidental al caer a un pozo de agua del hotel Nueva Castilla, en Escobedo, el segundo estudio solicitado por el padre de la joven, Mario Escobar, precisa que ella muri\u00f3 a causa de golpes en la cabeza y que incluso fue abusada sexualemente <\/p>\n\n\n\n<p>Por lo anterior, se busca esclarecer las causas del deceso de la joven, cuyo cuerpo fue encontrado el pasado 21 de abril.<\/p>\n\n\n\n<p>\u201cAmbos dict\u00e1menes tienen diferencias, uno aprecia que no hubo agresi\u00f3n sexual, y el otro que s\u00ed la hubo. Se busca emitir una opini\u00f3n t\u00e9cnica para unificar criterios sobre la causa de muerte\u201d, mencion\u00f3 Mej\u00eda Berdeja.<br><\/p>\n\n\n\n<p>Adem\u00e1s, explic\u00f3 que en cadena de custodia, la fiscal\u00eda de feminicidios har\u00e1 llegar equipos de videograbaci\u00f3n, grabaciones y \u00e1reas de telefon\u00eda a las \u00e1reas t\u00e9cnicas de la SSPC para analizarlas y determinar cualquier elemento videogr\u00e1fico y de telefon\u00eda para ubicar a quienes podr\u00edan haber intervenido en los hechos y haber coincidido en el espacio y tiempo en el que ocurri\u00f3 el hecho.<\/p>\n\n\n\n<p>Este anuncio se da luego dos d\u00edas despu\u00e9s de que el presidente Andr\u00e9s Manuel L\u00f3pez Obrador anunciara que habr\u00eda un informe sobre este caso y de que criticara la filtraci\u00f3n de la segunda autopsia a Debanhi Escobar.<\/p>\n\n\n\n<p>Y es que el pasado martes, el mandatario sostuvo que es \u201ces inmoral lo que se hace de traficar con el dolor de la gente\u201d como, dijo, sucedi\u00f3 con dicha filtraci\u00f3n.<\/p>\n","protected":false},"excerpt":{"rendered":"<p>Con el objetivo de ampliar las investigaciones y determinar as\u00ed las causas de la muerte de Debanhi Escobar, las autoridades federales y los padres de la joven acordaron con las de Nuevo Le\u00f3n en la realizaci\u00f3n de una tercera autopsia. En conferencia en Palacio Nacional, el funcionario federal explic\u00f3 que ayer, durante una reuni\u00f3n de [&hellip;]<\/p>\n","protected":false},"author":4,"featured_media":7152,"comment_status":"open","ping_status":"open","sticky":false,"template":"","format":"standard","meta":{"om_disable_all_campaigns":false,"_monsterinsights_skip_tracking":false,"_monsterinsights_sitenote_active":false,"_monsterinsights_sitenote_note":"","_monsterinsights_sitenote_category":0,"footnotes":""},"categories":[176],"tags":[195],"class_list":["post-7151","post","type-post","status-publish","format-standard","has-post-thumbnail","hentry","category-nacional","tag-principal"],"amp_enabled":true,"_links":{"self":[{"href":"https:\/\/lahora.mx\/index.php\/wp-json\/wp\/v2\/posts\/7151","targetHints":{"allow":["GET"]}}],"collection":[{"href":"https:\/\/lahora.mx\/index.php\/wp-json\/wp\/v2\/posts"}],"about":[{"href":"https:\/\/lahora.mx\/index.php\/wp-json\/wp\/v2\/types\/post"}],"author":[{"embeddable":true,"href":"https:\/\/lahora.mx\/index.php\/wp-json\/wp\/v2\/users\/4"}],"replies":[{"embeddable":true,"href":"https:\/\/lahora.mx\/index.php\/wp-json\/wp\/v2\/comments?post=7151"}],"version-history":[{"count":1,"href":"https:\/\/lahora.mx\/index.php\/wp-json\/wp\/v2\/posts\/7151\/revisions"}],"predecessor-version":[{"id":7153,"href":"https:\/\/lahora.mx\/index.php\/wp-json\/wp\/v2\/posts\/7151\/revisions\/7153"}],"wp:featuredmedia":[{"embeddable":true,"href":"https:\/\/lahora.mx\/index.php\/wp-json\/wp\/v2\/media\/7152"}],"wp:attachment":[{"href":"https:\/\/lahora.mx\/index.php\/wp-json\/wp\/v2\/media?parent=7151"}],"wp:term":[{"taxonomy":"category","embeddable":true,"href":"https:\/\/lahora.mx\/index.php\/wp-json\/wp\/v2\/categories?post=7151"},{"taxonomy":"post_tag","embeddable":true,"href":"https:\/\/lahora.mx\/index.php\/wp-json\/wp\/v2\/tags?post=7151"}],"curies":[{"name":"wp","href":"https:\/\/api.w.org\/{rel}","templated":true}]}}