{"id":71470,"date":"2025-11-19T00:31:31","date_gmt":"2025-11-19T00:31:31","guid":{"rendered":"https:\/\/lahora.mx\/?p=71470"},"modified":"2025-11-19T00:31:31","modified_gmt":"2025-11-19T00:31:31","slug":"lupita-cuautle-llama-a-no-polarizar-la-marcha-de-la-generacion-z","status":"publish","type":"post","link":"https:\/\/lahora.mx\/index.php\/2025\/11\/19\/lupita-cuautle-llama-a-no-polarizar-la-marcha-de-la-generacion-z\/","title":{"rendered":"Lupita Cuautle llama a no polarizar la marcha de la Generaci\u00f3n Z"},"content":{"rendered":"\n<p>La presidenta municipal de San Andr\u00e9s Cholula, Guadalupe Cuautle Torres llam\u00f3 a no polarizar el tema de la marcha de la Generaci\u00f3n Z y detall\u00f3 que no han advertido qu\u00e9 funcionarios estuvieron en la misma, sin embargo, rechazan los actos de violencia que se han generado por l\u00edderes gubernamentales y pol\u00edticos.<\/p>\n\n\n\n<p>A pesar de estos cuestionamientos que se han lanzado, Cuautle Torres asever\u00f3 que est\u00e1 en la disposici\u00f3n de trabajar de forma conjunta, ya que lo \u00fanico que buscan es mejorar el desempe\u00f1o de las familias de este municipio.<br><br>\u201cEstoy en la disposici\u00f3n de seguir trabajando de forma coordinada, he sido muy clara con los servidores p\u00fablicos, que seamos prudentes y trabajemos lo mejor posible, porque lo que buscan los ciudadanos es un beneficio, porque la gente quiere resultados\u201d.<\/p>\n\n\n\n<p>Ante los cuestionamientos que este lunes se realizaron por diferentes actores pol\u00edticos, la alcaldesa de San Andr\u00e9s Cholula, lament\u00f3 la situaci\u00f3n y puntualiz\u00f3 que como ayuntamiento respetan cualquier forma de expresi\u00f3n y detall\u00f3 que como ayuntamiento rechazan la violencia, \u201cll\u00e1mese pol\u00edtica, de g\u00e9nero, f\u00edsico y no toleramos que sea violencia venga de un l\u00edder gubernamental o un l\u00edder pol\u00edtico\u201d.<\/p>\n\n\n\n<p>Dej\u00f3 en claro que por el momento no han advertido qu\u00e9 o cu\u00e1ntos funcionarios del municipio se dieron cita a esta marcha, ya que afirm\u00f3 el ritmo de trabajo de su gobierno no ha permitido d\u00edas de descanso, por lo que este puente fue para estar con la familia.<\/p>\n","protected":false},"excerpt":{"rendered":"<p>La presidenta municipal de San Andr\u00e9s Cholula, Guadalupe Cuautle Torres llam\u00f3 a no polarizar el tema de la marcha de la Generaci\u00f3n Z y detall\u00f3 que no han advertido qu\u00e9 funcionarios estuvieron en la misma, sin embargo, rechazan los actos de violencia que se han generado por l\u00edderes gubernamentales y pol\u00edticos. A pesar de estos [&hellip;]<\/p>\n","protected":false},"author":1,"featured_media":71471,"comment_status":"open","ping_status":"open","sticky":false,"template":"","format":"standard","meta":{"om_disable_all_campaigns":false,"_monsterinsights_skip_tracking":false,"_monsterinsights_sitenote_active":false,"_monsterinsights_sitenote_note":"","_monsterinsights_sitenote_category":0,"footnotes":""},"categories":[1],"tags":[186,234],"class_list":["post-71470","post","type-post","status-publish","format-standard","has-post-thumbnail","hentry","category-sin-categoria","tag-buap","tag-cholula"],"amp_enabled":true,"_links":{"self":[{"href":"https:\/\/lahora.mx\/index.php\/wp-json\/wp\/v2\/posts\/71470","targetHints":{"allow":["GET"]}}],"collection":[{"href":"https:\/\/lahora.mx\/index.php\/wp-json\/wp\/v2\/posts"}],"about":[{"href":"https:\/\/lahora.mx\/index.php\/wp-json\/wp\/v2\/types\/post"}],"author":[{"embeddable":true,"href":"https:\/\/lahora.mx\/index.php\/wp-json\/wp\/v2\/users\/1"}],"replies":[{"embeddable":true,"href":"https:\/\/lahora.mx\/index.php\/wp-json\/wp\/v2\/comments?post=71470"}],"version-history":[{"count":1,"href":"https:\/\/lahora.mx\/index.php\/wp-json\/wp\/v2\/posts\/71470\/revisions"}],"predecessor-version":[{"id":71472,"href":"https:\/\/lahora.mx\/index.php\/wp-json\/wp\/v2\/posts\/71470\/revisions\/71472"}],"wp:featuredmedia":[{"embeddable":true,"href":"https:\/\/lahora.mx\/index.php\/wp-json\/wp\/v2\/media\/71471"}],"wp:attachment":[{"href":"https:\/\/lahora.mx\/index.php\/wp-json\/wp\/v2\/media?parent=71470"}],"wp:term":[{"taxonomy":"category","embeddable":true,"href":"https:\/\/lahora.mx\/index.php\/wp-json\/wp\/v2\/categories?post=71470"},{"taxonomy":"post_tag","embeddable":true,"href":"https:\/\/lahora.mx\/index.php\/wp-json\/wp\/v2\/tags?post=71470"}],"curies":[{"name":"wp","href":"https:\/\/api.w.org\/{rel}","templated":true}]}}