{"id":7146,"date":"2022-05-19T01:23:09","date_gmt":"2022-05-19T01:23:09","guid":{"rendered":"http:\/\/lahora.mx\/?p=7146"},"modified":"2022-05-19T01:25:07","modified_gmt":"2022-05-19T01:25:07","slug":"aumentan-casos-de-covid-19-en-las-americas-impulsados-por-contagios-en-eu-ops","status":"publish","type":"post","link":"https:\/\/lahora.mx\/index.php\/2022\/05\/19\/aumentan-casos-de-covid-19-en-las-americas-impulsados-por-contagios-en-eu-ops\/","title":{"rendered":"Aumentan casos de covid-19 en las Am\u00e9ricas, impulsados por contagios en EU: OPS"},"content":{"rendered":"\n<p>Los casos de&nbsp;<strong>Covid-19<\/strong>&nbsp;est\u00e1n en aumento en las&nbsp;<strong>Am\u00e9ricas<\/strong>, donde las infecciones crecieron 27.2% la semana pasada, impulsadas por los contagios en&nbsp;<strong>Estados Unidos<\/strong>, alert\u00f3 el mi\u00e9rcoles la&nbsp;<strong>Organizaci\u00f3n Panamericana de la Salud<\/strong>&nbsp;(<strong>OPS<\/strong>).<\/p>\n\n\n\n<p>De los 918,000 casos nuevos reportados en la regi\u00f3n la semana finalizada el 14 de mayo, m\u00e1s de 605,000 corresponden a Estados Unidos.<br>La OPS dijo que los contagios se han incrementado en Norteam\u00e9rica en las \u00faltimas siete semanas.<\/p>\n\n\n\n<p>Las cuatro subregiones del continente informaron esta semana aumentos de infecciones, con la mayor alza en Centroam\u00e9rica (+80%).<\/p>\n\n\n\n<p>En Sudam\u00e9rica Brasil report\u00f3 m\u00e1s 120,000 casos nuevos&nbsp;(+9%), en tanto<strong>&nbsp;Argentina&nbsp;<\/strong>tuvo casi 34,000 (+92%).&nbsp;<strong>Venezuela<\/strong>,&nbsp;<strong>Paraguay&nbsp;<\/strong>y&nbsp;<strong>Brasil<\/strong>&nbsp;indicaron tambi\u00e9n un aumento de muertes.<\/p>\n\n\n\n<p>En el Caribe, donde los casos de Covid-19 han subido en las \u00faltimas cinco semanas consecutivas, el aumento de infecciones fue del 9.3%, y de muertes, de 49 por ciento.<\/p>\n\n\n\n<p>La OPS tambi\u00e9n se\u00f1al\u00f3 que las hospitalizaciones por Covid-19 crecieron en 18 pa\u00edses americanos, y las admisiones a las&nbsp;<strong>Unidades de Cuidados Intensivos<\/strong>&nbsp;aumentaron en 13 pa\u00edses y territorios de la regi\u00f3n.<\/p>\n\n\n\n<p>\u00abEs hora de hacer un balance de estos n\u00fameros y actuar. El Covid-19 est\u00e1 nuevamente en aumento en las Am\u00e9ricas\u00bb, dijo la directora de la OPS,&nbsp;<strong>Carissa Etienne<\/strong>, durante una conferencia de prensa virtual.<\/p>\n\n\n\n<p>\u00abLa verdad es que este virus no va a desaparecer pronto\u00bb, agreg\u00f3.<\/p>\n\n\n\n<p>Etienne record\u00f3 que muchos pa\u00edses quitaron los requisitos de uso de mascarilla y distanciamiento f\u00edsico en lugares p\u00fablicos, pero \u00abdemasiadas\u00bb personas siguen en riesgo de desarrollar un Covid-19 grave y morir.<\/p>\n\n\n\n<p>Seg\u00fan cifras de la OPS, solo 14 de los 51 pa\u00edses y territorios de las Am\u00e9ricas lograron cumplir la meta de la&nbsp;<strong>Organizaci\u00f3n Mundial de la Salud<\/strong>&nbsp;(OMS) de vacunar al 70% de su poblaci\u00f3n.<\/p>\n\n\n\n<p>\u00abEl aumento de casos deber\u00eda servir como una llamada de atenci\u00f3n\u00bb, dijo Etienne.<\/p>\n\n\n\n<p>\u00abLos gobiernos deben continuar monitoreando de cerca las tendencias del Covid-19, adaptar sus gu\u00edas para proteger a los m\u00e1s vulnerables y estar siempre listos para ampliar las medidas sociales cada vez que haya un aumento en los casos o muertes\u00bb, apunt\u00f3.<\/p>\n\n\n\n<p>El mundo no est\u00e1 mejor preparado para una nueva pandemia de lo que estaba cuando surgi\u00f3 el coronavirus en 2019 y, de hecho, puede estar en peor situaci\u00f3n dado el costo econ\u00f3mico, seg\u00fan un panel creado por la Organizaci\u00f3n Mundial de la Salud (OMS) para evaluar la respuesta global.<\/p>\n\n\n\n<p>La falta de avances en reformas como las regulaciones sanitarias internacionales significa que el mundo es tan vulnerable como siempre, dijo el Panel Independiente para la Preparaci\u00f3n y Respuesta a la Pandemia en su informe.<\/p>\n\n\n\n<p>Los autores del estudio, dirigidos por la ex primera ministra neozelandesa Helen Clark y la ex presidenta de Liberia Ellen Johnson Sirleaf, reconocieron algunos avances, como una financiaci\u00f3n m\u00e1s s\u00f3lida para la OMS, pero afirmaron que el proceso va demasiado lento.<\/p>\n\n\n\n<p>\u00abAhora mismo tenemos las mismas herramientas y el mismo sistema que exist\u00eda en diciembre de 2019 para responder a una amenaza de pandemia. Y esas herramientas simplemente no eran lo suficientemente buenas\u00bb, dijo Helen Clark a los periodistas.<\/p>\n","protected":false},"excerpt":{"rendered":"<p>Los casos de&nbsp;Covid-19&nbsp;est\u00e1n en aumento en las&nbsp;Am\u00e9ricas, donde las infecciones crecieron 27.2% la semana pasada, impulsadas por los contagios en&nbsp;Estados Unidos, alert\u00f3 el mi\u00e9rcoles la&nbsp;Organizaci\u00f3n Panamericana de la Salud&nbsp;(OPS). De los 918,000 casos nuevos reportados en la regi\u00f3n la semana finalizada el 14 de mayo, m\u00e1s de 605,000 corresponden a Estados Unidos.La OPS dijo que [&hellip;]<\/p>\n","protected":false},"author":4,"featured_media":7148,"comment_status":"open","ping_status":"open","sticky":false,"template":"","format":"standard","meta":{"om_disable_all_campaigns":false,"_monsterinsights_skip_tracking":false,"_monsterinsights_sitenote_active":false,"_monsterinsights_sitenote_note":"","_monsterinsights_sitenote_category":0,"footnotes":""},"categories":[175],"tags":[195,223],"class_list":["post-7146","post","type-post","status-publish","format-standard","has-post-thumbnail","hentry","category-local","tag-principal","tag-puebla"],"amp_enabled":true,"_links":{"self":[{"href":"https:\/\/lahora.mx\/index.php\/wp-json\/wp\/v2\/posts\/7146","targetHints":{"allow":["GET"]}}],"collection":[{"href":"https:\/\/lahora.mx\/index.php\/wp-json\/wp\/v2\/posts"}],"about":[{"href":"https:\/\/lahora.mx\/index.php\/wp-json\/wp\/v2\/types\/post"}],"author":[{"embeddable":true,"href":"https:\/\/lahora.mx\/index.php\/wp-json\/wp\/v2\/users\/4"}],"replies":[{"embeddable":true,"href":"https:\/\/lahora.mx\/index.php\/wp-json\/wp\/v2\/comments?post=7146"}],"version-history":[{"count":2,"href":"https:\/\/lahora.mx\/index.php\/wp-json\/wp\/v2\/posts\/7146\/revisions"}],"predecessor-version":[{"id":7150,"href":"https:\/\/lahora.mx\/index.php\/wp-json\/wp\/v2\/posts\/7146\/revisions\/7150"}],"wp:featuredmedia":[{"embeddable":true,"href":"https:\/\/lahora.mx\/index.php\/wp-json\/wp\/v2\/media\/7148"}],"wp:attachment":[{"href":"https:\/\/lahora.mx\/index.php\/wp-json\/wp\/v2\/media?parent=7146"}],"wp:term":[{"taxonomy":"category","embeddable":true,"href":"https:\/\/lahora.mx\/index.php\/wp-json\/wp\/v2\/categories?post=7146"},{"taxonomy":"post_tag","embeddable":true,"href":"https:\/\/lahora.mx\/index.php\/wp-json\/wp\/v2\/tags?post=7146"}],"curies":[{"name":"wp","href":"https:\/\/api.w.org\/{rel}","templated":true}]}}