{"id":71439,"date":"2025-11-18T16:03:25","date_gmt":"2025-11-18T16:03:25","guid":{"rendered":"https:\/\/lahora.mx\/?p=71439"},"modified":"2025-11-19T00:25:17","modified_gmt":"2025-11-19T00:25:17","slug":"san-pedro-cholula-fortalece-acciones-preventivas-previo-al-concierto-de-campanas-del-vaniloquio-2025","status":"publish","type":"post","link":"https:\/\/lahora.mx\/index.php\/2025\/11\/18\/san-pedro-cholula-fortalece-acciones-preventivas-previo-al-concierto-de-campanas-del-vaniloquio-2025\/","title":{"rendered":"San Pedro Cholula fortalece acciones preventivas previo al Concierto de Campanas del Vaniloquio 2025"},"content":{"rendered":"\n<p>El Gobierno Municipal de San Pedro Cholula, a trav\u00e9s de la Direcci\u00f3n de Protecci\u00f3n Civil, realiz\u00f3 la supervisi\u00f3n de las iglesias que participar\u00e1n en el tradicional Concierto de Campanas del Vaniloquio 2025, programado para el pr\u00f3ximo 22 de noviembre.<\/p>\n\n\n\n<p>Como parte de las acciones preventivas, se llevaron a cabo inspecciones en los siguientes templos:<\/p>\n\n\n\n<ul class=\"wp-block-list\">\n<li>Santuario Nuestra Se\u00f1ora de los Remedios<\/li>\n\n\n\n<li>Jes\u00fas Tlatempa<\/li>\n\n\n\n<li>Nuestro Se\u00f1or Ecce Homo<\/li>\n\n\n\n<li>Parroquia de San Pedro Cholula<\/li>\n\n\n\n<li>San Juan Calvario<\/li>\n\n\n\n<li>San Miguel Tianguisnahuatl<\/li>\n\n\n\n<li>Santiago Mixquitla<\/li>\n\n\n\n<li>Santa Mar\u00eda Tzocuila<\/li>\n\n\n\n<li>Santo Entierro<\/li>\n<\/ul>\n\n\n\n<p>Durante los recorridos, se verificaron los amarres de los badajos y las estructuras de las campanas; adem\u00e1s, se brindaron recomendaciones de seguridad a las y los campaneros, con el objetivo de descartar riesgos y garantizar un evento seguro para todas y todos.<\/p>\n\n\n\n<p>Cabe destacar que se implementar\u00e1 un despliegue operativo integrado por bomberos y param\u00e9dicos, quienes mantendr\u00e1n supervisi\u00f3n constante durante el desarrollo de las actividades programadas.<\/p>\n\n\n\n<p>El Gobierno de San Pedro Cholula, encabezado por la presidenta municipal Tonantzin Fern\u00e1ndez, refrenda su compromiso de preservar las tradiciones y enaltecer la riqueza cultural que distingue al municipio como Pueblo M\u00e1gico.<\/p>\n","protected":false},"excerpt":{"rendered":"<p>El Gobierno Municipal de San Pedro Cholula, a trav\u00e9s de la Direcci\u00f3n de Protecci\u00f3n Civil, realiz\u00f3 la supervisi\u00f3n de las iglesias que participar\u00e1n en el tradicional Concierto de Campanas del Vaniloquio 2025, programado para el pr\u00f3ximo 22 de noviembre. Como parte de las acciones preventivas, se llevaron a cabo inspecciones en los siguientes templos: Durante [&hellip;]<\/p>\n","protected":false},"author":1,"featured_media":71440,"comment_status":"open","ping_status":"open","sticky":false,"template":"","format":"standard","meta":{"om_disable_all_campaigns":false,"_monsterinsights_skip_tracking":false,"_monsterinsights_sitenote_active":false,"_monsterinsights_sitenote_note":"","_monsterinsights_sitenote_category":0,"footnotes":""},"categories":[5],"tags":[234,223],"class_list":["post-71439","post","type-post","status-publish","format-standard","has-post-thumbnail","hentry","category-politica","tag-cholula","tag-puebla"],"amp_enabled":true,"_links":{"self":[{"href":"https:\/\/lahora.mx\/index.php\/wp-json\/wp\/v2\/posts\/71439","targetHints":{"allow":["GET"]}}],"collection":[{"href":"https:\/\/lahora.mx\/index.php\/wp-json\/wp\/v2\/posts"}],"about":[{"href":"https:\/\/lahora.mx\/index.php\/wp-json\/wp\/v2\/types\/post"}],"author":[{"embeddable":true,"href":"https:\/\/lahora.mx\/index.php\/wp-json\/wp\/v2\/users\/1"}],"replies":[{"embeddable":true,"href":"https:\/\/lahora.mx\/index.php\/wp-json\/wp\/v2\/comments?post=71439"}],"version-history":[{"count":1,"href":"https:\/\/lahora.mx\/index.php\/wp-json\/wp\/v2\/posts\/71439\/revisions"}],"predecessor-version":[{"id":71441,"href":"https:\/\/lahora.mx\/index.php\/wp-json\/wp\/v2\/posts\/71439\/revisions\/71441"}],"wp:featuredmedia":[{"embeddable":true,"href":"https:\/\/lahora.mx\/index.php\/wp-json\/wp\/v2\/media\/71440"}],"wp:attachment":[{"href":"https:\/\/lahora.mx\/index.php\/wp-json\/wp\/v2\/media?parent=71439"}],"wp:term":[{"taxonomy":"category","embeddable":true,"href":"https:\/\/lahora.mx\/index.php\/wp-json\/wp\/v2\/categories?post=71439"},{"taxonomy":"post_tag","embeddable":true,"href":"https:\/\/lahora.mx\/index.php\/wp-json\/wp\/v2\/tags?post=71439"}],"curies":[{"name":"wp","href":"https:\/\/api.w.org\/{rel}","templated":true}]}}