{"id":7143,"date":"2022-05-19T01:19:56","date_gmt":"2022-05-19T01:19:56","guid":{"rendered":"http:\/\/lahora.mx\/?p=7143"},"modified":"2022-05-19T01:19:57","modified_gmt":"2022-05-19T01:19:57","slug":"ahora-aplazan-hasta-junio-inicio-de-parquimetros-en-puebla","status":"publish","type":"post","link":"https:\/\/lahora.mx\/index.php\/2022\/05\/19\/ahora-aplazan-hasta-junio-inicio-de-parquimetros-en-puebla\/","title":{"rendered":"Ahora aplazan hasta junio inicio de parqu\u00edmetros en Puebla"},"content":{"rendered":"\n<p>Por cuarta ocasi\u00f3n el ayuntamiento de Puebla&nbsp;<strong>aplaz\u00f3 el arranque del sistema de parqu\u00edmetros<\/strong>&nbsp;en el Centro Hist\u00f3rico, y ahora hasta la primera semana de junio podr\u00eda iniciar el programa.<\/p>\n\n\n\n<p>As\u00ed lo anunci\u00f3 el secretario de Movilidad e Infraestructura del municipio,<strong>&nbsp;Edgar V\u00e9lez Tirado<\/strong>, al reconocer que el atraso se debe a que&nbsp;<strong>no se ha terminado de pintar los 4 mil 638 cajones de estacionamiento.<\/strong><\/p>\n\n\n\n<p>Tampoco se ha realizado la&nbsp;<strong>instalaci\u00f3n del se\u00f1alamiento horizontal y vertical<\/strong>&nbsp;en el pol\u00edgono que comprende desde la avenida 17 Oriente-Poniente a la 12 Oriente-Poniente, y de la 13 Norte-Sur al Bulevar 5 de Mayo.<\/p>\n\n\n\n<p>El funcionario municipal se\u00f1al\u00f3 que antes de arrancar con el cobro de espacios en la v\u00eda p\u00fablica, la calle&nbsp;<strong>debe arreglarse integralmente<\/strong>, contar con la se\u00f1alizaci\u00f3n correspondiente y con&nbsp;<strong>las fichas informativas.<\/strong><\/p>\n\n\n\n<p>Indic\u00f3 que una semana antes de iniciar con el proyecto,&nbsp;<strong>informar\u00e1n a la ciudadan\u00eda del uso de los parqu\u00edmetros,<\/strong>&nbsp;de c\u00f3mo se tienen que registrar en la aplicaci\u00f3n y del uso del seguro contra robo total,&nbsp;<strong>da\u00f1os y cristalazos hasta por 5 mil pesos.<\/strong><\/p>\n\n\n\n<p><strong>Un mes sin arrancar el programa<\/strong><\/p>\n\n\n\n<p>El 28 de febrero el gobierno de la ciudad dio a conocer que el programa de parqu\u00edmetros&nbsp;<strong>comenzar\u00eda a operar a partir del mes de abril<\/strong>.<\/p>\n\n\n\n<p>Sin embargo, hasta el 12 de abril se lanz\u00f3 la licitaci\u00f3n para contratar a la empresa que se encargar\u00eda de operar el sistema y el 4 de mayo el Comit\u00e9 de Adjudicaci\u00f3n asign\u00f3 el contrato a la empresa&nbsp;<strong>Cargo M\u00f3vil, mejor conocida como Parkimovil.<\/strong><\/p>\n\n\n\n<p>Tras la firma del contrato el ayuntamiento anunci\u00f3 que el inicio del funcionamiento de parqu\u00edmetros&nbsp;<strong>ser\u00eda el 16 de mayo<\/strong>, pero la semana pasada se posterg\u00f3 el arranque para&nbsp;<strong>despu\u00e9s del 20 de mayo,&nbsp;<\/strong>pero este d\u00eda nuevamente se pospuso.<\/p>\n\n\n\n<p>Los espacios de estacionamiento solo se podr\u00e1n utilizar un m\u00e1ximo de&nbsp;<strong>cuatro horas por auto al d\u00eda,&nbsp;<\/strong>as\u00ed que quienes requieran m\u00e1s tiempo, tendr\u00e1n que&nbsp;<strong>recurrir a un estacionamiento privado.<\/strong><\/p>\n\n\n\n<p>Los parqu\u00edmetros tendr\u00e1n un horario de&nbsp;<strong>lunes a viernes de 8:00 a 20:00 horas<\/strong>, s\u00e1bados de 8:00 a 14:00 horas y&nbsp;<strong>domingos no operar\u00e1n<\/strong>.<\/p>\n","protected":false},"excerpt":{"rendered":"<p>Por cuarta ocasi\u00f3n el ayuntamiento de Puebla&nbsp;aplaz\u00f3 el arranque del sistema de parqu\u00edmetros&nbsp;en el Centro Hist\u00f3rico, y ahora hasta la primera semana de junio podr\u00eda iniciar el programa. As\u00ed lo anunci\u00f3 el secretario de Movilidad e Infraestructura del municipio,&nbsp;Edgar V\u00e9lez Tirado, al reconocer que el atraso se debe a que&nbsp;no se ha terminado de pintar [&hellip;]<\/p>\n","protected":false},"author":4,"featured_media":7144,"comment_status":"open","ping_status":"open","sticky":false,"template":"","format":"standard","meta":{"om_disable_all_campaigns":false,"_monsterinsights_skip_tracking":false,"_monsterinsights_sitenote_active":false,"_monsterinsights_sitenote_note":"","_monsterinsights_sitenote_category":0,"footnotes":""},"categories":[175],"tags":[195,223],"class_list":["post-7143","post","type-post","status-publish","format-standard","has-post-thumbnail","hentry","category-local","tag-principal","tag-puebla"],"amp_enabled":true,"_links":{"self":[{"href":"https:\/\/lahora.mx\/index.php\/wp-json\/wp\/v2\/posts\/7143","targetHints":{"allow":["GET"]}}],"collection":[{"href":"https:\/\/lahora.mx\/index.php\/wp-json\/wp\/v2\/posts"}],"about":[{"href":"https:\/\/lahora.mx\/index.php\/wp-json\/wp\/v2\/types\/post"}],"author":[{"embeddable":true,"href":"https:\/\/lahora.mx\/index.php\/wp-json\/wp\/v2\/users\/4"}],"replies":[{"embeddable":true,"href":"https:\/\/lahora.mx\/index.php\/wp-json\/wp\/v2\/comments?post=7143"}],"version-history":[{"count":1,"href":"https:\/\/lahora.mx\/index.php\/wp-json\/wp\/v2\/posts\/7143\/revisions"}],"predecessor-version":[{"id":7145,"href":"https:\/\/lahora.mx\/index.php\/wp-json\/wp\/v2\/posts\/7143\/revisions\/7145"}],"wp:featuredmedia":[{"embeddable":true,"href":"https:\/\/lahora.mx\/index.php\/wp-json\/wp\/v2\/media\/7144"}],"wp:attachment":[{"href":"https:\/\/lahora.mx\/index.php\/wp-json\/wp\/v2\/media?parent=7143"}],"wp:term":[{"taxonomy":"category","embeddable":true,"href":"https:\/\/lahora.mx\/index.php\/wp-json\/wp\/v2\/categories?post=7143"},{"taxonomy":"post_tag","embeddable":true,"href":"https:\/\/lahora.mx\/index.php\/wp-json\/wp\/v2\/tags?post=7143"}],"curies":[{"name":"wp","href":"https:\/\/api.w.org\/{rel}","templated":true}]}}