{"id":71422,"date":"2025-11-18T00:18:07","date_gmt":"2025-11-18T00:18:07","guid":{"rendered":"https:\/\/lahora.mx\/?p=71422"},"modified":"2025-11-18T00:18:08","modified_gmt":"2025-11-18T00:18:08","slug":"anuncian-la-feria-del-aguacate-en-atlixco","status":"publish","type":"post","link":"https:\/\/lahora.mx\/index.php\/2025\/11\/18\/anuncian-la-feria-del-aguacate-en-atlixco\/","title":{"rendered":"Anuncian la Feria del Aguacate en Atlixco"},"content":{"rendered":"\n<p>Ser\u00e1 el pr\u00f3ximo domingo siete de diciembre cuando se lleve a cabo en la junta auxiliar de San Pedro Benito Ju\u00e1rez, ubicada en el municipio de Atlixco, la tercera edici\u00f3n de la Feria del Aguacate.<\/p>\n\n\n\n<p>En compa\u00f1\u00eda de productores de dicha junta auxiliar, la diputada Azucena Rosas Tapia present\u00f3 los pormenores de esta actividad que se realizar\u00e1 en la plaza principal de dicha comunidad.<br>La diputada resalt\u00f3 que este tipo de actividades fortalecen la econom\u00eda local e impulsa a las y los productores, quienes d\u00eda a d\u00eda trabajan con dedicaci\u00f3n y para el bienestar tanto de sus familias como de sus comunidades.<\/p>\n\n\n\n<p>Durante el anuncio, la legisladora local estuvo acompa\u00f1ada por productores locales que, a\u00f1o con a\u00f1o, participan en esta feria con el prop\u00f3sito de dar a conocer la calidad del aguacate que se cosecha en la regi\u00f3n.<\/p>\n\n\n\n<p>Se prev\u00e9 la llegada de cientos de visitantes a la comunidad, que en los \u00faltimos a\u00f1os ha consolidado su identidad agr\u00edcola gracias al cultivo del fruto. De acuerdo con los organizadores, m\u00e1s de 100 productores locales ofrecer\u00e1n venta directa de aguacate y productos derivados como cremas, aceites y postres.<\/p>\n\n\n\n<p>El programa tambi\u00e9n incluir\u00e1 m\u00fasica en vivo, exhibici\u00f3n de artesan\u00edas y recorridos guiados por los plant\u00edos que caracterizan a la regi\u00f3n, donde existen m\u00e1s de 400 hect\u00e1reas cultivadas.<\/p>\n\n\n\n<p>La inauguraci\u00f3n est\u00e1 prevista para el mediod\u00eda, con la presencia de autoridades municipales, comit\u00e9s de productores y familias campesinas que han mantenido la tradici\u00f3n del cultivo de aguacate durante varias generaciones.<\/p>\n","protected":false},"excerpt":{"rendered":"<p>Ser\u00e1 el pr\u00f3ximo domingo siete de diciembre cuando se lleve a cabo en la junta auxiliar de San Pedro Benito Ju\u00e1rez, ubicada en el municipio de Atlixco, la tercera edici\u00f3n de la Feria del Aguacate. En compa\u00f1\u00eda de productores de dicha junta auxiliar, la diputada Azucena Rosas Tapia present\u00f3 los pormenores de esta actividad que [&hellip;]<\/p>\n","protected":false},"author":1,"featured_media":71423,"comment_status":"open","ping_status":"open","sticky":false,"template":"","format":"standard","meta":{"om_disable_all_campaigns":false,"_monsterinsights_skip_tracking":false,"_monsterinsights_sitenote_active":false,"_monsterinsights_sitenote_note":"","_monsterinsights_sitenote_category":0,"footnotes":""},"categories":[3,175],"tags":[],"class_list":["post-71422","post","type-post","status-publish","format-standard","has-post-thumbnail","hentry","category-entretenimiento","category-local"],"amp_enabled":true,"_links":{"self":[{"href":"https:\/\/lahora.mx\/index.php\/wp-json\/wp\/v2\/posts\/71422","targetHints":{"allow":["GET"]}}],"collection":[{"href":"https:\/\/lahora.mx\/index.php\/wp-json\/wp\/v2\/posts"}],"about":[{"href":"https:\/\/lahora.mx\/index.php\/wp-json\/wp\/v2\/types\/post"}],"author":[{"embeddable":true,"href":"https:\/\/lahora.mx\/index.php\/wp-json\/wp\/v2\/users\/1"}],"replies":[{"embeddable":true,"href":"https:\/\/lahora.mx\/index.php\/wp-json\/wp\/v2\/comments?post=71422"}],"version-history":[{"count":1,"href":"https:\/\/lahora.mx\/index.php\/wp-json\/wp\/v2\/posts\/71422\/revisions"}],"predecessor-version":[{"id":71424,"href":"https:\/\/lahora.mx\/index.php\/wp-json\/wp\/v2\/posts\/71422\/revisions\/71424"}],"wp:featuredmedia":[{"embeddable":true,"href":"https:\/\/lahora.mx\/index.php\/wp-json\/wp\/v2\/media\/71423"}],"wp:attachment":[{"href":"https:\/\/lahora.mx\/index.php\/wp-json\/wp\/v2\/media?parent=71422"}],"wp:term":[{"taxonomy":"category","embeddable":true,"href":"https:\/\/lahora.mx\/index.php\/wp-json\/wp\/v2\/categories?post=71422"},{"taxonomy":"post_tag","embeddable":true,"href":"https:\/\/lahora.mx\/index.php\/wp-json\/wp\/v2\/tags?post=71422"}],"curies":[{"name":"wp","href":"https:\/\/api.w.org\/{rel}","templated":true}]}}