{"id":71413,"date":"2025-11-17T23:46:47","date_gmt":"2025-11-17T23:46:47","guid":{"rendered":"https:\/\/lahora.mx\/?p=71413"},"modified":"2025-11-17T23:46:48","modified_gmt":"2025-11-17T23:46:48","slug":"ssc-abre-18-investigaciones-por-presuntos-abusos-policiacos-en-marcha-de-la-generacion-z","status":"publish","type":"post","link":"https:\/\/lahora.mx\/index.php\/2025\/11\/17\/ssc-abre-18-investigaciones-por-presuntos-abusos-policiacos-en-marcha-de-la-generacion-z\/","title":{"rendered":"SSC abre 18 investigaciones por presuntos abusos policiacos en Marcha de la Generaci\u00f3n Z"},"content":{"rendered":"\n<p>La Secretar\u00eda de Seguridad Ciudadana (SSC) abri\u00f3 18 carpetas de investigaci\u00f3n contra elementos policiacos por presuntos abusos cometidos durante la Marcha de la Generaci\u00f3n Z , realizadas el pasado 15 de noviembre. El titular de la dependencia, Pablo V\u00e1zquez , afirm\u00f3 que la movilizaci\u00f3n fue infiltrada por grupos que lanzaron convocatorias para derribar vallas , ingresar por la fuerza al Palacio Nacional y provocar destrozos .<\/p>\n\n\n\n<p>El funcionario inform\u00f3 que hasta el momento se han recibido cuatro denuncias de ciudadanos que aseguran haber sido agredidos por polic\u00edas, entre ellas dos presentadas por periodistas . Como parte de las acciones internas, se\u00f1al\u00f3 que la SSC inici\u00f3 18 investigaciones administrativas para revisar el actuar de los elementos desplegados ese d\u00eda.<br>La organizaci\u00f3n Art\u00edculo 19 document\u00f3 al menos 13 agresiones contra la prensa registradas durante las marchas efectuadas en distintas ciudades del pa\u00eds. De ellas, seis ocurrieron en la Ciudad de M\u00e9xico , donde los choques entre polic\u00edas y manifestantes dejaron decenas de heridos; Otras seis agresiones fueron reportadas en Michoac\u00e1n , y una m\u00e1s en Jalisco .<\/p>\n\n\n\n<p>Entre los hechos denunciados destaca la agresi\u00f3n contra Ximena Arochi , reportera de Proceso , quien fue golpeada mientras documentaba el arresto de un manifestante. La organizaci\u00f3n subray\u00f3 que estos incidentes representan un riesgo creciente para la libertad de prensa en contextos de protesta social.<\/p>\n","protected":false},"excerpt":{"rendered":"<p>La Secretar\u00eda de Seguridad Ciudadana (SSC) abri\u00f3 18 carpetas de investigaci\u00f3n contra elementos policiacos por presuntos abusos cometidos durante la Marcha de la Generaci\u00f3n Z , realizadas el pasado 15 de noviembre. El titular de la dependencia, Pablo V\u00e1zquez , afirm\u00f3 que la movilizaci\u00f3n fue infiltrada por grupos que lanzaron convocatorias para derribar vallas , [&hellip;]<\/p>\n","protected":false},"author":1,"featured_media":71414,"comment_status":"open","ping_status":"open","sticky":false,"template":"","format":"standard","meta":{"om_disable_all_campaigns":false,"_monsterinsights_skip_tracking":false,"_monsterinsights_sitenote_active":false,"_monsterinsights_sitenote_note":"","_monsterinsights_sitenote_category":0,"footnotes":""},"categories":[175,226],"tags":[223],"class_list":["post-71413","post","type-post","status-publish","format-standard","has-post-thumbnail","hentry","category-local","category-policia","tag-puebla"],"amp_enabled":true,"_links":{"self":[{"href":"https:\/\/lahora.mx\/index.php\/wp-json\/wp\/v2\/posts\/71413","targetHints":{"allow":["GET"]}}],"collection":[{"href":"https:\/\/lahora.mx\/index.php\/wp-json\/wp\/v2\/posts"}],"about":[{"href":"https:\/\/lahora.mx\/index.php\/wp-json\/wp\/v2\/types\/post"}],"author":[{"embeddable":true,"href":"https:\/\/lahora.mx\/index.php\/wp-json\/wp\/v2\/users\/1"}],"replies":[{"embeddable":true,"href":"https:\/\/lahora.mx\/index.php\/wp-json\/wp\/v2\/comments?post=71413"}],"version-history":[{"count":1,"href":"https:\/\/lahora.mx\/index.php\/wp-json\/wp\/v2\/posts\/71413\/revisions"}],"predecessor-version":[{"id":71415,"href":"https:\/\/lahora.mx\/index.php\/wp-json\/wp\/v2\/posts\/71413\/revisions\/71415"}],"wp:featuredmedia":[{"embeddable":true,"href":"https:\/\/lahora.mx\/index.php\/wp-json\/wp\/v2\/media\/71414"}],"wp:attachment":[{"href":"https:\/\/lahora.mx\/index.php\/wp-json\/wp\/v2\/media?parent=71413"}],"wp:term":[{"taxonomy":"category","embeddable":true,"href":"https:\/\/lahora.mx\/index.php\/wp-json\/wp\/v2\/categories?post=71413"},{"taxonomy":"post_tag","embeddable":true,"href":"https:\/\/lahora.mx\/index.php\/wp-json\/wp\/v2\/tags?post=71413"}],"curies":[{"name":"wp","href":"https:\/\/api.w.org\/{rel}","templated":true}]}}