{"id":71401,"date":"2025-11-17T18:25:17","date_gmt":"2025-11-17T18:25:17","guid":{"rendered":"https:\/\/lahora.mx\/?p=71401"},"modified":"2025-11-17T18:25:17","modified_gmt":"2025-11-17T18:25:17","slug":"hubo-grupos-de-choque-y-actores-de-derecha-en-la-marcha-de-la-generacion-z-sheinbaum","status":"publish","type":"post","link":"https:\/\/lahora.mx\/index.php\/2025\/11\/17\/hubo-grupos-de-choque-y-actores-de-derecha-en-la-marcha-de-la-generacion-z-sheinbaum\/","title":{"rendered":"Hubo grupos de choque y actores de derecha en la marcha de la Generaci\u00f3n Z: Sheinbaum"},"content":{"rendered":"\n<p>La presidenta Claudia Sheinbaum se refiri\u00f3 este lunes a la marcha realizada el 15 de noviembre de 2025 por el movimiento conocido como Generaci\u00f3n Z, una movilizaci\u00f3n que surgi\u00f3 en redes sociales como un llamado juvenil, pero que \u2014seg\u00fan la mandataria\u2014 termin\u00f3 mostrando un escenario muy distinto al que se promov\u00eda p\u00fablicamente.<\/p>\n\n\n\n<p>Sheinbaum afirm\u00f3 que, durante la concentraci\u00f3n realizada en el Centro Hist\u00f3rico, la mayor\u00eda de los asistentes no eran j\u00f3venes, sino adultos vinculados a la oposici\u00f3n. Se\u00f1al\u00f3 que entre los participantes se identificaron \u201ccaras conocidas de la marea rosa\u201d, expresi\u00f3n con la que alude a figuras pol\u00edticas de derecha que han encabezado protestas contra el Gobierno federal en distintos momentos.<br>La presidenta tambi\u00e9n acus\u00f3 la presencia de grupos de choque que, dijo, llegaron con la intenci\u00f3n de confrontar a las autoridades. Asegur\u00f3 que estas personas llevaban herramientas como esmeriles y ganz\u00faas para intentar derribar la valla de seguridad instalada en las inmediaciones del Z\u00f3calo, barrera colocada \u2014explic\u00f3\u2014 para evitar enfrentamientos y proteger el acceso a Palacio Nacional.<\/p>\n\n\n\n<p>De acuerdo con Sheinbaum, el objetivo de ese grupo no era marchar ni expresar una postura pol\u00edtica, sino provocar un choque directo con la polic\u00eda. \u201cEl prop\u00f3sito no era llegar a Palacio\u201d, insisti\u00f3, sino generar un escenario de conflicto que pudiera escalar.<\/p>\n","protected":false},"excerpt":{"rendered":"<p>La presidenta Claudia Sheinbaum se refiri\u00f3 este lunes a la marcha realizada el 15 de noviembre de 2025 por el movimiento conocido como Generaci\u00f3n Z, una movilizaci\u00f3n que surgi\u00f3 en redes sociales como un llamado juvenil, pero que \u2014seg\u00fan la mandataria\u2014 termin\u00f3 mostrando un escenario muy distinto al que se promov\u00eda p\u00fablicamente. Sheinbaum afirm\u00f3 que, [&hellip;]<\/p>\n","protected":false},"author":1,"featured_media":71402,"comment_status":"open","ping_status":"open","sticky":false,"template":"","format":"standard","meta":{"om_disable_all_campaigns":false,"_monsterinsights_skip_tracking":false,"_monsterinsights_sitenote_active":false,"_monsterinsights_sitenote_note":"","_monsterinsights_sitenote_category":0,"footnotes":""},"categories":[176],"tags":[],"class_list":["post-71401","post","type-post","status-publish","format-standard","has-post-thumbnail","hentry","category-nacional"],"amp_enabled":true,"_links":{"self":[{"href":"https:\/\/lahora.mx\/index.php\/wp-json\/wp\/v2\/posts\/71401","targetHints":{"allow":["GET"]}}],"collection":[{"href":"https:\/\/lahora.mx\/index.php\/wp-json\/wp\/v2\/posts"}],"about":[{"href":"https:\/\/lahora.mx\/index.php\/wp-json\/wp\/v2\/types\/post"}],"author":[{"embeddable":true,"href":"https:\/\/lahora.mx\/index.php\/wp-json\/wp\/v2\/users\/1"}],"replies":[{"embeddable":true,"href":"https:\/\/lahora.mx\/index.php\/wp-json\/wp\/v2\/comments?post=71401"}],"version-history":[{"count":1,"href":"https:\/\/lahora.mx\/index.php\/wp-json\/wp\/v2\/posts\/71401\/revisions"}],"predecessor-version":[{"id":71403,"href":"https:\/\/lahora.mx\/index.php\/wp-json\/wp\/v2\/posts\/71401\/revisions\/71403"}],"wp:featuredmedia":[{"embeddable":true,"href":"https:\/\/lahora.mx\/index.php\/wp-json\/wp\/v2\/media\/71402"}],"wp:attachment":[{"href":"https:\/\/lahora.mx\/index.php\/wp-json\/wp\/v2\/media?parent=71401"}],"wp:term":[{"taxonomy":"category","embeddable":true,"href":"https:\/\/lahora.mx\/index.php\/wp-json\/wp\/v2\/categories?post=71401"},{"taxonomy":"post_tag","embeddable":true,"href":"https:\/\/lahora.mx\/index.php\/wp-json\/wp\/v2\/tags?post=71401"}],"curies":[{"name":"wp","href":"https:\/\/api.w.org\/{rel}","templated":true}]}}