{"id":714,"date":"2021-12-14T15:21:19","date_gmt":"2021-12-14T15:21:19","guid":{"rendered":"http:\/\/lahora.mx\/?p=714"},"modified":"2021-12-14T15:23:57","modified_gmt":"2021-12-14T15:23:57","slug":"advirtio-la-oms-que-el-mundo-enfrenta-un-tsunami-de-infecciones-de-las-variantes-omicron-y-delta","status":"publish","type":"post","link":"https:\/\/lahora.mx\/index.php\/2021\/12\/14\/advirtio-la-oms-que-el-mundo-enfrenta-un-tsunami-de-infecciones-de-las-variantes-omicron-y-delta\/","title":{"rendered":"Advirti\u00f3 la OMS que el mundo enfrenta \u201cun tsunami de infecciones\u201d de las variantes \u00d3micron y Delta"},"content":{"rendered":"<p>La jefa t\u00e9cnica del organismo, Mar\u00eda van Kerkhove, consider\u00f3 que en este escenario \u201cla vacunaci\u00f3n por s\u00ed sola no es suficiente\u201d para moverse con seguridad. Adelant\u00f3 que con la expansi\u00f3n de la nueva cepa \u201chabr\u00e1 un mayor riesgo de enfermedad grave y muerte\u201d<br \/>\nEn entrevista con el peri\u00f3dico\u00a0<i>El Pa\u00eds<\/i>, la epidemi\u00f3loga de 44 a\u00f1os dijo que\u00a0<b>todav\u00eda no se sabe si la variante genera una enfermedad m\u00e1s leve<\/b>, porque los datos son insuficientes. \u201cMuchos de los casos que se han visto son en viajeros, que suelen tener s\u00edntomas leves, porque si est\u00e1s viajando no est\u00e1s enfermo\u201d, explic\u00f3.<\/p>\n<p class=\"paragraph\">\u201cCreo que todos los casos fuera de Sud\u00e1frica han sido leves o asintom\u00e1ticos, pero en Sud\u00e1frica hemos visto toda la gama, desde enfermedades leves a m\u00e1s graves. Cuando el virus \u00d3micron entre en la poblaci\u00f3n vulnerables habr\u00e1 un mayor\u00a0 riesgo de enfermedad grave y muerte. La mayor\u00eda de los informes que tenemos ahora dicen que es m\u00e1s leve, pero es pronto para decirlo. En las pr\u00f3ximas semanas lo sabremos\u201d, explic\u00f3 desde Ginebra.<\/p>\n<p class=\"paragraph\">Adem\u00e1s expres\u00f3 que \u00abes esperable que \u00d3micron consiga escapar en alguna medida de la respuesta inmune, pero eso no requiere decir que las vacunas vayan a ser in\u00fatiles\u00bb<mark class=\"hl_yellow\"><b><br \/>\n<\/b><\/mark><\/p>\n<p class=\"paragraph\">Respecto al \u201ctsunami de infecciones\u201d que prev\u00e9 por las variantes m\u00e1s infeccionas, pidi\u00f3 a las autoridades de cada pa\u00eds que tomen medidas inmediatas. \u201c<b>Se lo repito a los gobiernos: no esperen para actuar. Y no me refiero a confinamientos<\/b>. Antes de empezar a ver un aumento de las hospitalizaciones, por favor, usen las mascarillas, faciliten el teletrabajo, limiten los contactos con otras personas, eviten las reuniones, inviertan en ventilaci\u00f3n, aumenten la vigilancia de los genomas del virus y tengan sus hospitales preparados\u201d, remarc\u00f3 al diario espa\u00f1ol.<\/p>\n<p class=\"paragraph\">Ante la gran inc\u00f3gnita que plantea esta nueva variante, Van Kerkhove explic\u00f3 que por el momento poseen informaci\u00f3n muy limitada respecto a la cepa. \u201cLa informaci\u00f3n sobre las hospitalizaciones y los casos en Sud\u00e1frica no inclu\u00eda si ya hab\u00edan pasado el COVID o si hab\u00edan sido vacunados. Los colegas sudafricanos est\u00e1n trabajando afanosamente para obtener esos datos. Sabemos que las vacunas previenen las hospitalizaciones y las muertes, pero no evitan todas las infecciones ni toda la transmisi\u00f3n\u201d.<\/p>\n<p class=\"paragraph\"><b>\u00d3micron fue detectada por primera vez en Sud\u00e1frica a mediados de noviembre\u00a0<\/b>y se est\u00e1 extendiendo en el sur del continente africano y ya ha llegado a al menos 57 pa\u00edses.<\/p>\n<p class=\"paragraph\">La epidemi\u00f3loga expres\u00f3 que tiene muchas ganas de que se termine la pandemia del coronavirus, \u201ccomo todo el mundo, pero creo que no estamos haciendo lo suficiente para acercarnos al final. Hay que hacer mucho m\u00e1s. Y no se puede hacer despu\u00e9s de las vacaciones o dentro de dos meses. Hay que hacerlo ya, cada d\u00eda\u201d.<\/p>\n<p class=\"paragraph\">Por otro lado advirti\u00f3 que, las Navidades quiz\u00e1 no sean la mejor \u00e9poca para evitar las reuniones. \u201c<b>Lo que pedimos a todas las personas es que sean extremadamente prudentes.<\/b>\u00a0Es realmente dif\u00edcil, lo reconocemos. Yo ahora mismo estoy en el mismo barco. \u00bfQu\u00e9 hago? \u00bfC\u00f3mo pasamos unas vacaciones con seguridad?\u201d.<\/p>\n<p class=\"paragraph\"><b>\u201cNo hay riesgo cero, pero se puede reducir si todo el mundo se vacuna, si te haces un test de ant\u00edgenos antes de ir, si haces actividades al aire libre, si aseguras una buena ventilaci\u00f3n, si limitas el n\u00famero de personas o si pides a la gente que sea extremadamente cautelosa<\/b>.\u00a0<b>Siempre hay que pensar en los dem\u00e1s, porque, incluso si t\u00fa est\u00e1s protegido, podr\u00edas visitar a personas que no lo est\u00e1n y no quieres llevar el virus a nadie, sobre todo a las personas mayores a las que amamos\u201d.\u00a0<\/b>Y concluy\u00f3: \u201cLa vacunaci\u00f3n por s\u00ed sola no es suficiente. La vacunaci\u00f3n previene la enfermedad grave y la muerte, pero no previene completamente la infecci\u00f3n\u201d.<\/p>\n<p class=\"paragraph\">Fuente Infobae<\/p>\n","protected":false},"excerpt":{"rendered":"<p>La jefa t\u00e9cnica del organismo, Mar\u00eda van Kerkhove, consider\u00f3 que en este escenario \u201cla vacunaci\u00f3n por s\u00ed sola no es suficiente\u201d para moverse con seguridad. Adelant\u00f3 que con la expansi\u00f3n de la nueva cepa \u201chabr\u00e1 un mayor riesgo de enfermedad grave y muerte\u201d En entrevista con el peri\u00f3dico\u00a0El Pa\u00eds, la epidemi\u00f3loga de 44 a\u00f1os dijo [&hellip;]<\/p>\n","protected":false},"author":4,"featured_media":715,"comment_status":"open","ping_status":"open","sticky":false,"template":"","format":"standard","meta":{"om_disable_all_campaigns":false,"_monsterinsights_skip_tracking":false,"_monsterinsights_sitenote_active":false,"_monsterinsights_sitenote_note":"","_monsterinsights_sitenote_category":0,"footnotes":""},"categories":[183],"tags":[],"class_list":["post-714","post","type-post","status-publish","format-standard","has-post-thumbnail","hentry","category-internacional"],"amp_enabled":true,"_links":{"self":[{"href":"https:\/\/lahora.mx\/index.php\/wp-json\/wp\/v2\/posts\/714","targetHints":{"allow":["GET"]}}],"collection":[{"href":"https:\/\/lahora.mx\/index.php\/wp-json\/wp\/v2\/posts"}],"about":[{"href":"https:\/\/lahora.mx\/index.php\/wp-json\/wp\/v2\/types\/post"}],"author":[{"embeddable":true,"href":"https:\/\/lahora.mx\/index.php\/wp-json\/wp\/v2\/users\/4"}],"replies":[{"embeddable":true,"href":"https:\/\/lahora.mx\/index.php\/wp-json\/wp\/v2\/comments?post=714"}],"version-history":[{"count":3,"href":"https:\/\/lahora.mx\/index.php\/wp-json\/wp\/v2\/posts\/714\/revisions"}],"predecessor-version":[{"id":718,"href":"https:\/\/lahora.mx\/index.php\/wp-json\/wp\/v2\/posts\/714\/revisions\/718"}],"wp:featuredmedia":[{"embeddable":true,"href":"https:\/\/lahora.mx\/index.php\/wp-json\/wp\/v2\/media\/715"}],"wp:attachment":[{"href":"https:\/\/lahora.mx\/index.php\/wp-json\/wp\/v2\/media?parent=714"}],"wp:term":[{"taxonomy":"category","embeddable":true,"href":"https:\/\/lahora.mx\/index.php\/wp-json\/wp\/v2\/categories?post=714"},{"taxonomy":"post_tag","embeddable":true,"href":"https:\/\/lahora.mx\/index.php\/wp-json\/wp\/v2\/tags?post=714"}],"curies":[{"name":"wp","href":"https:\/\/api.w.org\/{rel}","templated":true}]}}