{"id":71398,"date":"2025-11-17T17:20:48","date_gmt":"2025-11-17T17:20:48","guid":{"rendered":"https:\/\/lahora.mx\/?p=71398"},"modified":"2025-11-17T17:20:49","modified_gmt":"2025-11-17T17:20:49","slug":"refuerza-gobierno-de-la-ciudad-medidas-preventivas-ante-la-temporada-de-frios","status":"publish","type":"post","link":"https:\/\/lahora.mx\/index.php\/2025\/11\/17\/refuerza-gobierno-de-la-ciudad-medidas-preventivas-ante-la-temporada-de-frios\/","title":{"rendered":"Refuerza Gobierno de la Ciudad medidas preventivas ante la temporada de fr\u00edos"},"content":{"rendered":"\n<p>El Gobierno de la Ciudad informa a la poblaci\u00f3n que, ante la llegada de la temporada de fr\u00edos, se reforzar\u00e1n las acciones preventivas en la capital poblana y sus juntas auxiliares con el objetivo de proteger la salud y el bienestar de las familias, especialmente de los grupos m\u00e1s vulnerables como ni\u00f1as, ni\u00f1os, adultos mayores y personas con enfermedades cr\u00f3nicas.<\/p>\n\n\n\n<p>De acuerdo con la informaci\u00f3n de la Comisi\u00f3n Nacional del Agua (Conagua) y el Servicio Meteorol\u00f3gico Nacional (SMN), durante la semana del 17 al 21 de noviembre de 2025 se espera en Puebla capital un ambiente fr\u00edo a muy fr\u00edo por las ma\u00f1anas y noches, con temperaturas m\u00ednimas cercanas a los 6 \u00b0C y m\u00e1ximas de entre 18 \u00b0C y 20 \u00b0C. dichas condiciones podr\u00edan generar sensaci\u00f3n t\u00e9rmica m\u00e1s baja, sobre todo en zonas altas y juntas auxiliares como San Miguel Canoa, La Resurrecci\u00f3n y Santa Mar\u00eda Xonacatepec.<br>Ante este panorama, se recomienda a la ciudadan\u00eda evitar la exposici\u00f3n prolongada al aire fr\u00edo, utilizar varias capas de ropa, y mantener una adecuada ventilaci\u00f3n en los hogares si se usan calentadores de gas, le\u00f1a o braseros, para prevenir intoxicaciones por mon\u00f3xido de carbono.<\/p>\n\n\n\n<p>Con \u00e9nfasis en la prevenci\u00f3n de enfermedades respiratorias, se recomienda acudir a los centros de salud para aplicarse la vacuna contra la influenza, especialmente en el caso de personas con factores de riesgo. Tambi\u00e9n es fundamental lavar las manos con frecuencia, cubrirse al toser o estornudar, evitar aglomeraciones y acudir al m\u00e9dico ante s\u00edntomas como fiebre, tos o dificultad para respirar, evitando la automedicaci\u00f3n.<\/p>\n\n\n\n<p>Estas medidas forman parte de la estrategia integral implementada por la Direcci\u00f3n de Gesti\u00f3n de Riesgos en Materia de Protecci\u00f3n Civil para reducir riesgos y prevenir enfermedades respiratorias propias de esta \u00e9poca.<\/p>\n","protected":false},"excerpt":{"rendered":"<p>El Gobierno de la Ciudad informa a la poblaci\u00f3n que, ante la llegada de la temporada de fr\u00edos, se reforzar\u00e1n las acciones preventivas en la capital poblana y sus juntas auxiliares con el objetivo de proteger la salud y el bienestar de las familias, especialmente de los grupos m\u00e1s vulnerables como ni\u00f1as, ni\u00f1os, adultos mayores [&hellip;]<\/p>\n","protected":false},"author":1,"featured_media":71399,"comment_status":"open","ping_status":"open","sticky":false,"template":"","format":"standard","meta":{"om_disable_all_campaigns":false,"_monsterinsights_skip_tracking":false,"_monsterinsights_sitenote_active":false,"_monsterinsights_sitenote_note":"","_monsterinsights_sitenote_category":0,"footnotes":""},"categories":[175],"tags":[239,195,223],"class_list":["post-71398","post","type-post","status-publish","format-standard","has-post-thumbnail","hentry","category-local","tag-gobierno","tag-principal","tag-puebla"],"amp_enabled":true,"_links":{"self":[{"href":"https:\/\/lahora.mx\/index.php\/wp-json\/wp\/v2\/posts\/71398","targetHints":{"allow":["GET"]}}],"collection":[{"href":"https:\/\/lahora.mx\/index.php\/wp-json\/wp\/v2\/posts"}],"about":[{"href":"https:\/\/lahora.mx\/index.php\/wp-json\/wp\/v2\/types\/post"}],"author":[{"embeddable":true,"href":"https:\/\/lahora.mx\/index.php\/wp-json\/wp\/v2\/users\/1"}],"replies":[{"embeddable":true,"href":"https:\/\/lahora.mx\/index.php\/wp-json\/wp\/v2\/comments?post=71398"}],"version-history":[{"count":1,"href":"https:\/\/lahora.mx\/index.php\/wp-json\/wp\/v2\/posts\/71398\/revisions"}],"predecessor-version":[{"id":71400,"href":"https:\/\/lahora.mx\/index.php\/wp-json\/wp\/v2\/posts\/71398\/revisions\/71400"}],"wp:featuredmedia":[{"embeddable":true,"href":"https:\/\/lahora.mx\/index.php\/wp-json\/wp\/v2\/media\/71399"}],"wp:attachment":[{"href":"https:\/\/lahora.mx\/index.php\/wp-json\/wp\/v2\/media?parent=71398"}],"wp:term":[{"taxonomy":"category","embeddable":true,"href":"https:\/\/lahora.mx\/index.php\/wp-json\/wp\/v2\/categories?post=71398"},{"taxonomy":"post_tag","embeddable":true,"href":"https:\/\/lahora.mx\/index.php\/wp-json\/wp\/v2\/tags?post=71398"}],"curies":[{"name":"wp","href":"https:\/\/api.w.org\/{rel}","templated":true}]}}