{"id":71394,"date":"2025-11-17T17:17:24","date_gmt":"2025-11-17T17:17:24","guid":{"rendered":"https:\/\/lahora.mx\/?p=71394"},"modified":"2025-11-17T17:17:25","modified_gmt":"2025-11-17T17:17:25","slug":"sheinbaum-espera-que-eu-y-venezuela-dialoguen-para-calmar-tensiones-belicas","status":"publish","type":"post","link":"https:\/\/lahora.mx\/index.php\/2025\/11\/17\/sheinbaum-espera-que-eu-y-venezuela-dialoguen-para-calmar-tensiones-belicas\/","title":{"rendered":"Sheinbaum espera que EU y Venezuela dialoguen para calmar tensiones b\u00e9licas"},"content":{"rendered":"\n<p>Durante su conferencia ma\u00f1anera, la presidenta Claudia Sheinbaum celebro las recientes declaraciones de su homologo de Estados Unidos, Donald Trump, quien voceo sus deseos por abrir una l\u00ednea de dialogo con el mandatario de Venezuela, Nicol\u00e1s Maduro, para abordar las tensiones b\u00e9licas en El Caribe.<\/p>\n\n\n\n<p>Ante los medios de comunicaci\u00f3n, la jefa del Ejecutivo se pronunci\u00f3 a favor del di\u00e1logo entre estos dos l\u00edderes internacionales, sobre todo por el hecho de que EU ha enviado m\u00faltiples portaviones y buques navales cerca de las cosas de esta naci\u00f3n sudamericana para atacar presuntas embarcaciones criminales.<\/p>\n\n\n\n<p>\u201cOjal\u00e1 se d\u00e9 el di\u00e1logo, nosotros somos un pa\u00eds que busca siempre la paz, el di\u00e1logo, la resoluci\u00f3n pac\u00edfica de los conflictos, no estamos a favor de invasiones. En lo que pueda ayudar M\u00e9xico, vamos a ayudar, que se d\u00e9 un di\u00e1logo, hay que buscar el di\u00e1logo y la paz\u201d, afirm\u00f3 la mandataria al ser cuestionada al respecto.<\/p>\n","protected":false},"excerpt":{"rendered":"<p>Durante su conferencia ma\u00f1anera, la presidenta Claudia Sheinbaum celebro las recientes declaraciones de su homologo de Estados Unidos, Donald Trump, quien voceo sus deseos por abrir una l\u00ednea de dialogo con el mandatario de Venezuela, Nicol\u00e1s Maduro, para abordar las tensiones b\u00e9licas en El Caribe. Ante los medios de comunicaci\u00f3n, la jefa del Ejecutivo se [&hellip;]<\/p>\n","protected":false},"author":1,"featured_media":71396,"comment_status":"open","ping_status":"open","sticky":false,"template":"","format":"standard","meta":{"om_disable_all_campaigns":false,"_monsterinsights_skip_tracking":false,"_monsterinsights_sitenote_active":false,"_monsterinsights_sitenote_note":"","_monsterinsights_sitenote_category":0,"footnotes":""},"categories":[183,176],"tags":[],"class_list":["post-71394","post","type-post","status-publish","format-standard","has-post-thumbnail","hentry","category-internacional","category-nacional"],"amp_enabled":true,"_links":{"self":[{"href":"https:\/\/lahora.mx\/index.php\/wp-json\/wp\/v2\/posts\/71394","targetHints":{"allow":["GET"]}}],"collection":[{"href":"https:\/\/lahora.mx\/index.php\/wp-json\/wp\/v2\/posts"}],"about":[{"href":"https:\/\/lahora.mx\/index.php\/wp-json\/wp\/v2\/types\/post"}],"author":[{"embeddable":true,"href":"https:\/\/lahora.mx\/index.php\/wp-json\/wp\/v2\/users\/1"}],"replies":[{"embeddable":true,"href":"https:\/\/lahora.mx\/index.php\/wp-json\/wp\/v2\/comments?post=71394"}],"version-history":[{"count":1,"href":"https:\/\/lahora.mx\/index.php\/wp-json\/wp\/v2\/posts\/71394\/revisions"}],"predecessor-version":[{"id":71397,"href":"https:\/\/lahora.mx\/index.php\/wp-json\/wp\/v2\/posts\/71394\/revisions\/71397"}],"wp:featuredmedia":[{"embeddable":true,"href":"https:\/\/lahora.mx\/index.php\/wp-json\/wp\/v2\/media\/71396"}],"wp:attachment":[{"href":"https:\/\/lahora.mx\/index.php\/wp-json\/wp\/v2\/media?parent=71394"}],"wp:term":[{"taxonomy":"category","embeddable":true,"href":"https:\/\/lahora.mx\/index.php\/wp-json\/wp\/v2\/categories?post=71394"},{"taxonomy":"post_tag","embeddable":true,"href":"https:\/\/lahora.mx\/index.php\/wp-json\/wp\/v2\/tags?post=71394"}],"curies":[{"name":"wp","href":"https:\/\/api.w.org\/{rel}","templated":true}]}}