{"id":71391,"date":"2025-11-17T17:07:32","date_gmt":"2025-11-17T17:07:32","guid":{"rendered":"https:\/\/lahora.mx\/?p=71391"},"modified":"2025-11-17T17:07:33","modified_gmt":"2025-11-17T17:07:33","slug":"checo-perez-ve-potencial-en-cadillac-y-dice-sorprenderan-a-mucha-gente-en-su-debut","status":"publish","type":"post","link":"https:\/\/lahora.mx\/index.php\/2025\/11\/17\/checo-perez-ve-potencial-en-cadillac-y-dice-sorprenderan-a-mucha-gente-en-su-debut\/","title":{"rendered":"Checo P\u00e9rez ve potencial en Cadillac y dice \u201csorprender\u00e1n a mucha gente\u201d en su debut"},"content":{"rendered":"\n<p>Sergio P\u00e9rez encara una nueva etapa en su carrera deportiva y, tras un a\u00f1o lejos de la competencia, asegura que vuelve con una mentalidad renovada. Su regreso a la parrilla en 2026 de la mano de Cadillac marca no solo un renacer profesional, sino tambi\u00e9n personal, despu\u00e9s de un cierre complicado con Red Bull que lo dej\u00f3 \u201cdesmotivado\u201d y cuestion\u00e1ndose su futuro en la F\u00f3rmula 1, as\u00ed lo expres\u00f3 el piloto en una entrevista con el portal de la F1.com.<\/p>\n\n\n\n<p>Luego de dos d\u00edas en un test en Imola, la F1 revel\u00f3 la entrevista que realizaron con Checo P\u00e9rez en la base de la escuadra Cadillac en Silverstone, donde el mexicano se mostr\u00f3 entusiasmado por el nuevo proyecto, al menos con lo que ha visto hasta ahora, y considera que las expectativas podr\u00edan ser mejores de lo esperado dado el personal que ha contratado la escuder\u00eda americana.<\/p>\n\n\n\n<p><br>\u201cCreo que una cosa es tener todo listo para Melbourne, pero otra es tenerlo listo y competitivo, que es por lo que todos estamos trabajando\u201d, dijo P\u00e9rez. \u201cTener toda esa experiencia alrededor realmente nos ayuda mucho.<\/p>\n\n\n\n<p>\u201cVes muchas caras conocidas, gente que ha estado en el paddock mucho m\u00e1s tiempo del que yo he estado, con mucha experiencia y ganas de demostrar su valor en el deporte\u201d.<\/p>\n\n\n\n<p>\u201cHa sido bueno estar yendo y viniendo con el equipo\u201d, dijo P\u00e9rez se\u00f1alando que se ha estado involucrando en varios aspectos m\u00e1s all\u00e1 de la conducci\u00f3n. \u201cHe estado insistiendo en algunas \u00e1reas, dando direcci\u00f3n. Es genial tener un equipo en el que sientes que puedes influir y pedir ciertas cosas\u201d.<\/p>\n\n\n\n<p>Crouch revive su etapa juvenil en los Spurs a trav\u00e9s de camisetas ic\u00f3nicas<br>Para P\u00e9rez, esta es su \u00faltima gran misi\u00f3n en la categor\u00eda, y espera concluirla con satisfacci\u00f3n: \u201cVeo esto como mi gran proyecto final en el deporte y quiero asegurarme de que sea un regreso exitoso\u201d.<\/p>\n","protected":false},"excerpt":{"rendered":"<p>Sergio P\u00e9rez encara una nueva etapa en su carrera deportiva y, tras un a\u00f1o lejos de la competencia, asegura que vuelve con una mentalidad renovada. Su regreso a la parrilla en 2026 de la mano de Cadillac marca no solo un renacer profesional, sino tambi\u00e9n personal, despu\u00e9s de un cierre complicado con Red Bull que [&hellip;]<\/p>\n","protected":false},"author":1,"featured_media":71392,"comment_status":"open","ping_status":"open","sticky":false,"template":"","format":"standard","meta":{"om_disable_all_campaigns":false,"_monsterinsights_skip_tracking":false,"_monsterinsights_sitenote_active":false,"_monsterinsights_sitenote_note":"","_monsterinsights_sitenote_category":0,"footnotes":""},"categories":[6],"tags":[],"class_list":["post-71391","post","type-post","status-publish","format-standard","has-post-thumbnail","hentry","category-sports"],"amp_enabled":true,"_links":{"self":[{"href":"https:\/\/lahora.mx\/index.php\/wp-json\/wp\/v2\/posts\/71391","targetHints":{"allow":["GET"]}}],"collection":[{"href":"https:\/\/lahora.mx\/index.php\/wp-json\/wp\/v2\/posts"}],"about":[{"href":"https:\/\/lahora.mx\/index.php\/wp-json\/wp\/v2\/types\/post"}],"author":[{"embeddable":true,"href":"https:\/\/lahora.mx\/index.php\/wp-json\/wp\/v2\/users\/1"}],"replies":[{"embeddable":true,"href":"https:\/\/lahora.mx\/index.php\/wp-json\/wp\/v2\/comments?post=71391"}],"version-history":[{"count":1,"href":"https:\/\/lahora.mx\/index.php\/wp-json\/wp\/v2\/posts\/71391\/revisions"}],"predecessor-version":[{"id":71393,"href":"https:\/\/lahora.mx\/index.php\/wp-json\/wp\/v2\/posts\/71391\/revisions\/71393"}],"wp:featuredmedia":[{"embeddable":true,"href":"https:\/\/lahora.mx\/index.php\/wp-json\/wp\/v2\/media\/71392"}],"wp:attachment":[{"href":"https:\/\/lahora.mx\/index.php\/wp-json\/wp\/v2\/media?parent=71391"}],"wp:term":[{"taxonomy":"category","embeddable":true,"href":"https:\/\/lahora.mx\/index.php\/wp-json\/wp\/v2\/categories?post=71391"},{"taxonomy":"post_tag","embeddable":true,"href":"https:\/\/lahora.mx\/index.php\/wp-json\/wp\/v2\/tags?post=71391"}],"curies":[{"name":"wp","href":"https:\/\/api.w.org\/{rel}","templated":true}]}}