{"id":71388,"date":"2025-11-17T14:17:54","date_gmt":"2025-11-17T14:17:54","guid":{"rendered":"https:\/\/lahora.mx\/?p=71388"},"modified":"2025-11-17T14:17:55","modified_gmt":"2025-11-17T14:17:55","slug":"helena-monzon-exige-que-juicio-por-el-feminicidio-de-su-hermana-concluya-antes-de-cerrar-2025","status":"publish","type":"post","link":"https:\/\/lahora.mx\/index.php\/2025\/11\/17\/helena-monzon-exige-que-juicio-por-el-feminicidio-de-su-hermana-concluya-antes-de-cerrar-2025\/","title":{"rendered":"Helena Monz\u00f3n exige que juicio por el feminicidio de su hermana concluya antes de cerrar 2025"},"content":{"rendered":"\n<p>Helena Monz\u00f3n hizo un llamado al Poder Judicial de Puebla para que concluya el juicio contra Javier N por el feminicidio de su hermana, Cecilia Monz\u00f3n, previo a que culmine el calendario de labores de este 2025 de los juzgados.<\/p>\n\n\n\n<p>En una publicaci\u00f3n en redes sociales la tambi\u00e9n activista y abogada feminista explic\u00f3 que solo quedan 23 d\u00edas h\u00e1biles en el calendario del Poder Judicial de Puebla, por lo que el proceso debe culminar en este periodo y previo a 2026.<\/p>\n\n\n\n<p>En este plazo tiene que acabar el juicio de feminicidio. Y ahora tambi\u00e9n el de \u2018viofam\u2019 (violencia familiar). Me niego a aceptar que esto pueda seguir en 2026<br>asegur\u00f3.<br>Comparti\u00f3 tambi\u00e9n el calendario oficial de actividades en donde se muestra que el periodo de vacaciones o de d\u00edas inh\u00e1biles de los juzgados comienza el 22 de diciembre.<\/p>\n\n\n\n<p>Hay otros d\u00edas que no laboran como este lunes 17 de noviembre y el pr\u00f3ximo viernes 12 de diciembre, por el d\u00eda de la Virgen de Guadalupe.<\/p>\n\n\n\n<p>El proceso en contra de Javier N<br>Dentro de los dos procesos que se realizan en contra de Javier N, en el que respecta al cargo de feminicidio, se anunci\u00f3 el pasado 13 de octubre que desde ese d\u00eda comenzaron las audiencias diarias para culminar con el proceso en el menor tiempo posible.<\/p>\n\n\n\n<p>Hasta el 5 de noviembre se hab\u00edan realizado m\u00e1s de 70 audiencias por el juicio, que se caracterizan por pr\u00e1cticas dilatorias de parte de la defensa del expol\u00edtico, seg\u00fan lo se\u00f1alado por la hermana de Cecilia.<br><br>No solo Helena, sino tambi\u00e9n diversos colectivos feministas se han unido para exigir a las autoridades para que se agilice el proceso y lograr dar sentencia a los se\u00f1alados en el proceso judicial.<\/p>\n\n\n\n<p>La sentencia m\u00e1xima que puede recibir tanto Javier N, como los se\u00f1alados como responsables, es de hasta 60 a\u00f1os de c\u00e1rcel.<\/p>\n\n\n\n<p>Respecto al juicio por el delito de violencia familiar contra Cecilia y su hijo, el Cuarto Tribunal de Alzada Colegiado de lo Penal de Puebla el pasado 13 de noviembre dej\u00f3 sin efecto la sentencia condenatoria de seis a\u00f1os que se hab\u00eda dictado previamente.<\/p>\n\n\n\n<p>Esto lo realiz\u00f3 al justificar que la declaraci\u00f3n que Cecilia realiz\u00f3 en vida no fue le\u00edda por el agente del Ministerio P\u00fablico que la tom\u00f3, por lo que el personal de la Fiscal\u00eda de Puebla ten\u00eda que presentarse y dar lectura.<\/p>\n\n\n\n<p>La decisi\u00f3n fue calificada por Helena Monz\u00f3n como \u201carbitraria y de revictimizaci\u00f3n\u201d, adem\u00e1s de se\u00f1alar que el \u201cdefecto\u201d encontrado fue creado a modo y que es contraria a los criterios sentados por la Suprema Corte de Justicia para dictar sentencias con perspectiva de g\u00e9nero.<\/p>\n\n\n\n<p>\u201c(La) arbitrariedad con la que opera el Cuarto Tribunal es grave y se roza la ignorancia en lo que respecta a conocimientos legales en el \u00e1mbito penal, al no tener presente que la prueba en cuesti\u00f3n fue entregada por la v\u00edctima como una denuncia escrita, firmada y hecha por la propia Cecilia Monz\u00f3n (sin importar quien lo lea en Sala)<br>asegur\u00f3 Helena.<br>Tras la decisi\u00f3n, la familia de Cecilia espera que nuevamente se consiga la condena en una nueva audiencia y que esta sea por la penalidad m\u00e1xima que es de ocho a\u00f1os de prisi\u00f3n, es decir, dos m\u00e1s que la sentencia original.<\/p>\n\n\n\n<p>Cecilia Monz\u00f3n perdi\u00f3 la vida en un ataque armado el 21 de mayo de 2022 cuando circulaba a bordo de su camioneta y fue interceptada por dos hombres armados a bordo de una motocicleta.<br>Como autores materiales fueron detenidos Jair N, quien conduc\u00eda la motocicleta y Silvestre N, acusado de realizar los disparos.<\/p>\n\n\n\n<p>\u27a1\ufe0f Suscr\u00edbete a nuestro Newsletter y recibe las notas m\u00e1s relevantes en tu correo<\/p>\n\n\n\n<p>Javier N, exdiputado y candidato a la gubernatura de Puebla, fue detenido como presunto autor intelectual de los hechos. \u00c9l y Cecilia tuvieron un hijo producto de una relaci\u00f3n a\u00f1os atr\u00e1s y, previo a su fallecimiento, la abogada ya hab\u00eda denunciado al pol\u00edtico para obtener una pensi\u00f3n alimenticia<\/p>\n","protected":false},"excerpt":{"rendered":"<p>Helena Monz\u00f3n hizo un llamado al Poder Judicial de Puebla para que concluya el juicio contra Javier N por el feminicidio de su hermana, Cecilia Monz\u00f3n, previo a que culmine el calendario de labores de este 2025 de los juzgados. En una publicaci\u00f3n en redes sociales la tambi\u00e9n activista y abogada feminista explic\u00f3 que solo [&hellip;]<\/p>\n","protected":false},"author":1,"featured_media":71389,"comment_status":"open","ping_status":"open","sticky":false,"template":"","format":"standard","meta":{"om_disable_all_campaigns":false,"_monsterinsights_skip_tracking":false,"_monsterinsights_sitenote_active":false,"_monsterinsights_sitenote_note":"","_monsterinsights_sitenote_category":0,"footnotes":""},"categories":[175,226],"tags":[],"class_list":["post-71388","post","type-post","status-publish","format-standard","has-post-thumbnail","hentry","category-local","category-policia"],"amp_enabled":true,"_links":{"self":[{"href":"https:\/\/lahora.mx\/index.php\/wp-json\/wp\/v2\/posts\/71388","targetHints":{"allow":["GET"]}}],"collection":[{"href":"https:\/\/lahora.mx\/index.php\/wp-json\/wp\/v2\/posts"}],"about":[{"href":"https:\/\/lahora.mx\/index.php\/wp-json\/wp\/v2\/types\/post"}],"author":[{"embeddable":true,"href":"https:\/\/lahora.mx\/index.php\/wp-json\/wp\/v2\/users\/1"}],"replies":[{"embeddable":true,"href":"https:\/\/lahora.mx\/index.php\/wp-json\/wp\/v2\/comments?post=71388"}],"version-history":[{"count":1,"href":"https:\/\/lahora.mx\/index.php\/wp-json\/wp\/v2\/posts\/71388\/revisions"}],"predecessor-version":[{"id":71390,"href":"https:\/\/lahora.mx\/index.php\/wp-json\/wp\/v2\/posts\/71388\/revisions\/71390"}],"wp:featuredmedia":[{"embeddable":true,"href":"https:\/\/lahora.mx\/index.php\/wp-json\/wp\/v2\/media\/71389"}],"wp:attachment":[{"href":"https:\/\/lahora.mx\/index.php\/wp-json\/wp\/v2\/media?parent=71388"}],"wp:term":[{"taxonomy":"category","embeddable":true,"href":"https:\/\/lahora.mx\/index.php\/wp-json\/wp\/v2\/categories?post=71388"},{"taxonomy":"post_tag","embeddable":true,"href":"https:\/\/lahora.mx\/index.php\/wp-json\/wp\/v2\/tags?post=71388"}],"curies":[{"name":"wp","href":"https:\/\/api.w.org\/{rel}","templated":true}]}}