{"id":71385,"date":"2025-11-17T05:30:29","date_gmt":"2025-11-17T05:30:29","guid":{"rendered":"https:\/\/lahora.mx\/?p=71385"},"modified":"2025-11-17T05:30:30","modified_gmt":"2025-11-17T05:30:30","slug":"plazas-abarrotados-pero-ventas-bajas-en-el-buen-fin","status":"publish","type":"post","link":"https:\/\/lahora.mx\/index.php\/2025\/11\/17\/plazas-abarrotados-pero-ventas-bajas-en-el-buen-fin\/","title":{"rendered":"Plazas abarrotados pero ventas bajas en el buen fin"},"content":{"rendered":"\n<p>A pesar de que las exclusivas plazas comerciales de Puebla como Angel\u00f3polis y Solesta, han estado abarrotadas, con estacionamientos llenos y una gran afluencia, las tiendas departamentales reportan bajas ventas, en comparaci\u00f3n a a\u00f1os pasados.<\/p>\n\n\n\n<p>Los encargados afirman que las ventas se mantienen \u00abmuy bajas\u00bb y el panorama dif\u00edcilmente cambira durante este lunes de &#8216;puente.<\/p>\n\n\n\n<p>Los estacionamientos de las plazas lucen con enormes filas de autom\u00f3viles intentanto ingresar, dentro los pasillos y lugares de descanso lucen concurridos, al igual que la zona de alimentos. Aunque el ambiente es ajetreado, la atenci\u00f3n de los visitantes en Angel\u00f3polis se centra en tiendas de celulares, tecnolog\u00eda, otras m\u00e1s de ropa y calzado, pero no todos concretan sus compras.<\/p>\n\n\n\n<p>Al cierre de la jornada muchos trabajadores afirman que a pesar de tener muchas visitas, una gran cantidad de clientes solo revisa y pregunta por costos sin llevarse nada.<\/p>\n\n\n\n<p>Profeco vigila Buen FinEn las plazas Angel\u00f3polis, Galer\u00edas Serd\u00e1n y Parque Puebla personal de la Procuradur\u00eda Federal del Consumidor (Profeco) instal\u00f3 m\u00f3dulos de quejas y orientaci\u00f3n, en caso de que los productos adquiridos presenten alguna falla o los locales no respeten los precios.<\/p>\n","protected":false},"excerpt":{"rendered":"<p>A pesar de que las exclusivas plazas comerciales de Puebla como Angel\u00f3polis y Solesta, han estado abarrotadas, con estacionamientos llenos y una gran afluencia, las tiendas departamentales reportan bajas ventas, en comparaci\u00f3n a a\u00f1os pasados. Los encargados afirman que las ventas se mantienen \u00abmuy bajas\u00bb y el panorama dif\u00edcilmente cambira durante este lunes de &#8216;puente. [&hellip;]<\/p>\n","protected":false},"author":1,"featured_media":71386,"comment_status":"open","ping_status":"open","sticky":false,"template":"","format":"standard","meta":{"om_disable_all_campaigns":false,"_monsterinsights_skip_tracking":false,"_monsterinsights_sitenote_active":false,"_monsterinsights_sitenote_note":"","_monsterinsights_sitenote_category":0,"footnotes":""},"categories":[175],"tags":[195],"class_list":["post-71385","post","type-post","status-publish","format-standard","has-post-thumbnail","hentry","category-local","tag-principal"],"amp_enabled":true,"_links":{"self":[{"href":"https:\/\/lahora.mx\/index.php\/wp-json\/wp\/v2\/posts\/71385","targetHints":{"allow":["GET"]}}],"collection":[{"href":"https:\/\/lahora.mx\/index.php\/wp-json\/wp\/v2\/posts"}],"about":[{"href":"https:\/\/lahora.mx\/index.php\/wp-json\/wp\/v2\/types\/post"}],"author":[{"embeddable":true,"href":"https:\/\/lahora.mx\/index.php\/wp-json\/wp\/v2\/users\/1"}],"replies":[{"embeddable":true,"href":"https:\/\/lahora.mx\/index.php\/wp-json\/wp\/v2\/comments?post=71385"}],"version-history":[{"count":1,"href":"https:\/\/lahora.mx\/index.php\/wp-json\/wp\/v2\/posts\/71385\/revisions"}],"predecessor-version":[{"id":71387,"href":"https:\/\/lahora.mx\/index.php\/wp-json\/wp\/v2\/posts\/71385\/revisions\/71387"}],"wp:featuredmedia":[{"embeddable":true,"href":"https:\/\/lahora.mx\/index.php\/wp-json\/wp\/v2\/media\/71386"}],"wp:attachment":[{"href":"https:\/\/lahora.mx\/index.php\/wp-json\/wp\/v2\/media?parent=71385"}],"wp:term":[{"taxonomy":"category","embeddable":true,"href":"https:\/\/lahora.mx\/index.php\/wp-json\/wp\/v2\/categories?post=71385"},{"taxonomy":"post_tag","embeddable":true,"href":"https:\/\/lahora.mx\/index.php\/wp-json\/wp\/v2\/tags?post=71385"}],"curies":[{"name":"wp","href":"https:\/\/api.w.org\/{rel}","templated":true}]}}