{"id":71382,"date":"2025-11-16T17:18:45","date_gmt":"2025-11-16T17:18:45","guid":{"rendered":"https:\/\/lahora.mx\/?p=71382"},"modified":"2025-11-16T17:18:46","modified_gmt":"2025-11-16T17:18:46","slug":"gobierno-de-puebla-anuncia-finalistas-del-premio-carmen-serdan-2025","status":"publish","type":"post","link":"https:\/\/lahora.mx\/index.php\/2025\/11\/16\/gobierno-de-puebla-anuncia-finalistas-del-premio-carmen-serdan-2025\/","title":{"rendered":"Gobierno de Puebla anuncia finalistas del Premio Carmen Serd\u00e1n 2025"},"content":{"rendered":"\n<p>El Gobierno del Estado de Puebla, a trav\u00e9s de la Secretar\u00eda de las Mujeres, da a conocer a las finalistas del Premio Carmen Serd\u00e1n \u201cMujeres que Transforman\u201d 2025, un reconocimiento que visibiliza la fuerza, el liderazgo y la contribuci\u00f3n de mujeres que impulsan el desarrollo social, comunitario y profesional en la entidad.<\/p>\n\n\n\n<p>Tras un proceso de selecci\u00f3n realizado mediante un mecanismo de insaculaci\u00f3n avalado por notar\u00eda p\u00fablica, y con la participaci\u00f3n de representantes de diversos sectores, industriales, empresariales, educativos, sociales y gubernamentales, se definieron las finalistas de cada categor\u00eda:<\/p>\n\n\n\n<p>Mujer Tejedora<\/p>\n\n\n\n<p>Yolanda Beatriz Hern\u00e1ndez Esc\u00e1rcega<br>Miriam Martha Ram\u00edrez de los Santos<br>Gloria Maldonado Arias<br>Mujer del Futuro<\/p>\n\n\n\n<p>Sandy Carrera Altamirano<br>Sagrario Linares Melo<br>Alejandra Quintos Lima<br>Mujer que Transforma<\/p>\n\n\n\n<p>Isabel Tlapalcoyoa Rojas<br>Antonia Aguilar Torres<br>Pilar Cid Flores<br>Mujer Resiliente<\/p>\n\n\n\n<p>Luisa Julieta Escobar Parra<br>Tomasa G\u00f3mez P\u00e9rez<br>Luz del Carmen G\u00f3mez Zenteno<br>Mujer Inspiradora<\/p>\n\n\n\n<p>Irma Hilda Aguilera Guevara<br>Irma X\u00f3chitl Cuauht\u00e9moc Xicot\u00e9ncatl<br>Norma Leticia Ram\u00edrez Rossette<br>Mujeres Forjadoras<\/p>\n\n\n\n<p>Elsa Mariana S\u00e1nchez Mart\u00ednez<br>Martha Elizabeth Castro Alem\u00e1n<br>Leslie Melissa Soto Flores<br>Ni\u00f1a Construyendo el Futuro<\/p>\n\n\n\n<p>Ailynn Romero B\u00e1ez<br>Isabela Tecuanhuey Coatl<br>Alexa Sof\u00eda Hern\u00e1ndez<br>La ceremonia de premiaci\u00f3n, en donde se dar\u00e1 a conocer la ganadora oficial, se llevar\u00e1 a cabo el 18 de noviembre, a las 18:00 horas, en el sal\u00f3n principal de Casa Puebla, y contar\u00e1 con la presencia del gobernador Alejandro Armenta y de la secretaria de las Mujeres del Gobierno de M\u00e9xico, Citlalli Hern\u00e1ndez.<\/p>\n","protected":false},"excerpt":{"rendered":"<p>El Gobierno del Estado de Puebla, a trav\u00e9s de la Secretar\u00eda de las Mujeres, da a conocer a las finalistas del Premio Carmen Serd\u00e1n \u201cMujeres que Transforman\u201d 2025, un reconocimiento que visibiliza la fuerza, el liderazgo y la contribuci\u00f3n de mujeres que impulsan el desarrollo social, comunitario y profesional en la entidad. Tras un proceso [&hellip;]<\/p>\n","protected":false},"author":1,"featured_media":71383,"comment_status":"open","ping_status":"open","sticky":false,"template":"","format":"standard","meta":{"om_disable_all_campaigns":false,"_monsterinsights_skip_tracking":false,"_monsterinsights_sitenote_active":false,"_monsterinsights_sitenote_note":"","_monsterinsights_sitenote_category":0,"footnotes":""},"categories":[3],"tags":[239,223],"class_list":["post-71382","post","type-post","status-publish","format-standard","has-post-thumbnail","hentry","category-entretenimiento","tag-gobierno","tag-puebla"],"amp_enabled":true,"_links":{"self":[{"href":"https:\/\/lahora.mx\/index.php\/wp-json\/wp\/v2\/posts\/71382","targetHints":{"allow":["GET"]}}],"collection":[{"href":"https:\/\/lahora.mx\/index.php\/wp-json\/wp\/v2\/posts"}],"about":[{"href":"https:\/\/lahora.mx\/index.php\/wp-json\/wp\/v2\/types\/post"}],"author":[{"embeddable":true,"href":"https:\/\/lahora.mx\/index.php\/wp-json\/wp\/v2\/users\/1"}],"replies":[{"embeddable":true,"href":"https:\/\/lahora.mx\/index.php\/wp-json\/wp\/v2\/comments?post=71382"}],"version-history":[{"count":1,"href":"https:\/\/lahora.mx\/index.php\/wp-json\/wp\/v2\/posts\/71382\/revisions"}],"predecessor-version":[{"id":71384,"href":"https:\/\/lahora.mx\/index.php\/wp-json\/wp\/v2\/posts\/71382\/revisions\/71384"}],"wp:featuredmedia":[{"embeddable":true,"href":"https:\/\/lahora.mx\/index.php\/wp-json\/wp\/v2\/media\/71383"}],"wp:attachment":[{"href":"https:\/\/lahora.mx\/index.php\/wp-json\/wp\/v2\/media?parent=71382"}],"wp:term":[{"taxonomy":"category","embeddable":true,"href":"https:\/\/lahora.mx\/index.php\/wp-json\/wp\/v2\/categories?post=71382"},{"taxonomy":"post_tag","embeddable":true,"href":"https:\/\/lahora.mx\/index.php\/wp-json\/wp\/v2\/tags?post=71382"}],"curies":[{"name":"wp","href":"https:\/\/api.w.org\/{rel}","templated":true}]}}