{"id":71370,"date":"2025-11-16T17:11:13","date_gmt":"2025-11-16T17:11:13","guid":{"rendered":"https:\/\/lahora.mx\/?p=71370"},"modified":"2025-11-16T17:11:13","modified_gmt":"2025-11-16T17:11:13","slug":"preven-posible-dispersion-de-ceniza-del-popocatepetl-atlixco-matamoros-y-puebla-capital","status":"publish","type":"post","link":"https:\/\/lahora.mx\/index.php\/2025\/11\/16\/preven-posible-dispersion-de-ceniza-del-popocatepetl-atlixco-matamoros-y-puebla-capital\/","title":{"rendered":"Prev\u00e9n posible dispersi\u00f3n de ceniza del Popocat\u00e9petl Atlixco, Matamoros y Puebla capital"},"content":{"rendered":"\n<p>Las autoridades de Protecci\u00f3n Civil emitieron un nuevo pron\u00f3stico sobre el comportamiento del viento alrededor del volc\u00e1n Popocat\u00e9petl, donde se indica la posible dispersi\u00f3n de ceniza durante las pr\u00f3ximas 12 horas en caso de presentarse emisiones. El modelo HYSPLIT, con datos atmosf\u00e9ricos GFS y NAM, muestra que las corrientes podr\u00edan transportar el material volc\u00e1nico hacia distintas zonas del estado dependiendo de la altura de la columna eruptiva.<\/p>\n\n\n\n<p>El mapa difundido por el Gobierno de M\u00e9xico y el Gobierno de Puebla detalla que las emisiones a 500, 1,000, 1,500 y hasta 3,000 metros de altitud seguir\u00edan trayectorias variables, alcanzando principalmente puntos ubicados hacia el este, sureste y algunas \u00e1reas del centro del estado, de decir Atlixco, Matamoros y Puebla capital. Las autoridades recuerdan que este pron\u00f3stico es preventivo y se actualiza constantemente conforme cambia la direcci\u00f3n del viento.<\/p>\n\n\n\n<p>Se recomienda a la poblaci\u00f3n mantenerse informada a trav\u00e9s de los canales oficiales y seguir las indicaciones en caso de ca\u00edda de ceniza, adem\u00e1s de reportar cualquier emergencia al 911.<\/p>\n","protected":false},"excerpt":{"rendered":"<p>Las autoridades de Protecci\u00f3n Civil emitieron un nuevo pron\u00f3stico sobre el comportamiento del viento alrededor del volc\u00e1n Popocat\u00e9petl, donde se indica la posible dispersi\u00f3n de ceniza durante las pr\u00f3ximas 12 horas en caso de presentarse emisiones. El modelo HYSPLIT, con datos atmosf\u00e9ricos GFS y NAM, muestra que las corrientes podr\u00edan transportar el material volc\u00e1nico hacia [&hellip;]<\/p>\n","protected":false},"author":1,"featured_media":71371,"comment_status":"open","ping_status":"open","sticky":false,"template":"","format":"standard","meta":{"om_disable_all_campaigns":false,"_monsterinsights_skip_tracking":false,"_monsterinsights_sitenote_active":false,"_monsterinsights_sitenote_note":"","_monsterinsights_sitenote_category":0,"footnotes":""},"categories":[176],"tags":[],"class_list":["post-71370","post","type-post","status-publish","format-standard","has-post-thumbnail","hentry","category-nacional"],"amp_enabled":true,"_links":{"self":[{"href":"https:\/\/lahora.mx\/index.php\/wp-json\/wp\/v2\/posts\/71370","targetHints":{"allow":["GET"]}}],"collection":[{"href":"https:\/\/lahora.mx\/index.php\/wp-json\/wp\/v2\/posts"}],"about":[{"href":"https:\/\/lahora.mx\/index.php\/wp-json\/wp\/v2\/types\/post"}],"author":[{"embeddable":true,"href":"https:\/\/lahora.mx\/index.php\/wp-json\/wp\/v2\/users\/1"}],"replies":[{"embeddable":true,"href":"https:\/\/lahora.mx\/index.php\/wp-json\/wp\/v2\/comments?post=71370"}],"version-history":[{"count":1,"href":"https:\/\/lahora.mx\/index.php\/wp-json\/wp\/v2\/posts\/71370\/revisions"}],"predecessor-version":[{"id":71372,"href":"https:\/\/lahora.mx\/index.php\/wp-json\/wp\/v2\/posts\/71370\/revisions\/71372"}],"wp:featuredmedia":[{"embeddable":true,"href":"https:\/\/lahora.mx\/index.php\/wp-json\/wp\/v2\/media\/71371"}],"wp:attachment":[{"href":"https:\/\/lahora.mx\/index.php\/wp-json\/wp\/v2\/media?parent=71370"}],"wp:term":[{"taxonomy":"category","embeddable":true,"href":"https:\/\/lahora.mx\/index.php\/wp-json\/wp\/v2\/categories?post=71370"},{"taxonomy":"post_tag","embeddable":true,"href":"https:\/\/lahora.mx\/index.php\/wp-json\/wp\/v2\/tags?post=71370"}],"curies":[{"name":"wp","href":"https:\/\/api.w.org\/{rel}","templated":true}]}}