{"id":71367,"date":"2025-11-16T05:30:11","date_gmt":"2025-11-16T05:30:11","guid":{"rendered":"https:\/\/lahora.mx\/?p=71367"},"modified":"2025-11-16T05:30:12","modified_gmt":"2025-11-16T05:30:12","slug":"sheinbaum-condena-violencia-en-marcha-de-la-generacion-z","status":"publish","type":"post","link":"https:\/\/lahora.mx\/index.php\/2025\/11\/16\/sheinbaum-condena-violencia-en-marcha-de-la-generacion-z\/","title":{"rendered":"Sheinbaum condena violencia en marcha de la Generaci\u00f3n Z"},"content":{"rendered":"\n<p>La presidenta&nbsp;<strong>Claudia Sheinbaum<\/strong>&nbsp;hizo un llamado para que la&nbsp;<a href=\"https:\/\/www.elfinanciero.com.mx\/nacional\/2025\/11\/15\/en-vivo-de-la-marcha-de-la-generacion-z-la-bandera-de-one-piece-toma-las-calles\/\" target=\"_blank\" rel=\"noreferrer noopener\">marcha de la Generaci\u00f3n Z<\/a>&nbsp;prosiga por \u201c<strong>la v\u00eda pac\u00edfica<\/strong>\u201d, luego de que un grupo de hombres encapuchados se col\u00f3 entre los manifestantes y&nbsp;<a href=\"https:\/\/www.elfinanciero.com.mx\/cdmx\/2025\/11\/15\/marcha-de-generacion-z-mexico-termina-con-disturbios-en-el-zocalo-retiran-vallas-de-palacio-nacional\/\" target=\"_blank\" rel=\"noreferrer noopener\">derrib\u00f3 las vallas que resguardaban el Palacio Nacional<\/a>, sede del Ejecutivo, en el&nbsp;<strong>Z\u00f3calo de la Ciudad de M\u00e9xico.<\/strong><\/p>\n\n\n\n<p>\u201cDe manera violenta quitaron unas vallas y rompieron vidrios.&nbsp;<strong>Decimos no a la violencia:<\/strong>&nbsp;si uno no est\u00e1 de acuerdo, hay que&nbsp;<strong>manifestarse de manera pac\u00edfica<\/strong>. Nunca hay que utilizar la violencia para cambiar; siempre por la v\u00eda pac\u00edfica\u201d, afirm\u00f3 la mandataria mexicana durante una gira en la ciudad de Jonuta, Tabasco.<\/p>\n\n\n\n<p>Adem\u00e1s, Sheinbaum dijo que&nbsp;<a href=\"https:\/\/www.elfinanciero.com.mx\/cdmx\/2025\/11\/15\/y-la-gen-z-marcha-en-cdmx-congrego-a-mas-opositores-y-adultos-mayores-que-jovenes\/\" target=\"_blank\" rel=\"noreferrer noopener\">marcharon \u201cmuy pocos j\u00f3venes\u201d<\/a>&nbsp;en la manifestaci\u00f3n convocada a nivel nacional por redes sociales y que tuvo miles de asistentes que criticaron al Gobierno que encabeza.<\/p>\n\n\n\n<p>\u201cDicen que marcharon j\u00f3venes, pero en realidad hab\u00eda muy pocos j\u00f3venes\u201d, sentenci\u00f3 la presidenta, quien durante&nbsp;<a href=\"https:\/\/www.elfinanciero.com.mx\/nacional\/2025\/11\/14\/claudia-sheinbaum-mananera-temas-hoy-14-de-noviembre-de-2025-en-vivo\/\" target=\"_blank\" rel=\"noreferrer noopener\">su conferencia matutina del viernes<\/a>&nbsp;coment\u00f3 que esta movilizaci\u00f3n estaba vinculada con la oposici\u00f3n pol\u00edtica a su Administraci\u00f3n y al Movimiento Regeneraci\u00f3n Nacional (Morena), el partido gobernante del que emergi\u00f3 la mandataria.<\/p>\n\n\n\n<h2 class=\"wp-block-heading\">Marcha de la generaci\u00f3n Z en CDMX: \u00bfQu\u00e9 pas\u00f3?<\/h2>\n\n\n\n<p>Las declaraciones por parte de la jefa del Ejecutivo se dan despu\u00e9s de que un grupo de encapuchados identificados como \u201c<strong>el bloque negro<\/strong>\u201d golpearan con martillos y piedras las&nbsp;<a href=\"https:\/\/www.elfinanciero.com.mx\/entretenimiento\/2025\/11\/14\/por-que-relacionan-murallas-en-palacio-nacional-con-el-anime-attack-on-titan\/\" target=\"_blank\" rel=\"noreferrer noopener\">vallas que proteg\u00edan el Palacio Nacional<\/a>, ubicado en el Z\u00f3calo de la CDMX.<\/p>\n\n\n\n<p>Estos ataques derribaron las vallas, las cuales tambi\u00e9n resguardaban a elementos de la Polic\u00eda capitalina, quienes&nbsp;<strong>replegaron a los manifestantes con gases lacrim\u00f3genos<\/strong>&nbsp;y de extintor, una acci\u00f3n que afect\u00f3 a los asistentes, en los que hab\u00eda personas de todas las edades, incluidos ni\u00f1os.<\/p>\n","protected":false},"excerpt":{"rendered":"<p>La presidenta&nbsp;Claudia Sheinbaum&nbsp;hizo un llamado para que la&nbsp;marcha de la Generaci\u00f3n Z&nbsp;prosiga por \u201cla v\u00eda pac\u00edfica\u201d, luego de que un grupo de hombres encapuchados se col\u00f3 entre los manifestantes y&nbsp;derrib\u00f3 las vallas que resguardaban el Palacio Nacional, sede del Ejecutivo, en el&nbsp;Z\u00f3calo de la Ciudad de M\u00e9xico. \u201cDe manera violenta quitaron unas vallas y rompieron [&hellip;]<\/p>\n","protected":false},"author":1,"featured_media":71368,"comment_status":"open","ping_status":"open","sticky":false,"template":"","format":"standard","meta":{"om_disable_all_campaigns":false,"_monsterinsights_skip_tracking":false,"_monsterinsights_sitenote_active":false,"_monsterinsights_sitenote_note":"","_monsterinsights_sitenote_category":0,"footnotes":""},"categories":[176],"tags":[],"class_list":["post-71367","post","type-post","status-publish","format-standard","has-post-thumbnail","hentry","category-nacional"],"amp_enabled":true,"_links":{"self":[{"href":"https:\/\/lahora.mx\/index.php\/wp-json\/wp\/v2\/posts\/71367","targetHints":{"allow":["GET"]}}],"collection":[{"href":"https:\/\/lahora.mx\/index.php\/wp-json\/wp\/v2\/posts"}],"about":[{"href":"https:\/\/lahora.mx\/index.php\/wp-json\/wp\/v2\/types\/post"}],"author":[{"embeddable":true,"href":"https:\/\/lahora.mx\/index.php\/wp-json\/wp\/v2\/users\/1"}],"replies":[{"embeddable":true,"href":"https:\/\/lahora.mx\/index.php\/wp-json\/wp\/v2\/comments?post=71367"}],"version-history":[{"count":1,"href":"https:\/\/lahora.mx\/index.php\/wp-json\/wp\/v2\/posts\/71367\/revisions"}],"predecessor-version":[{"id":71369,"href":"https:\/\/lahora.mx\/index.php\/wp-json\/wp\/v2\/posts\/71367\/revisions\/71369"}],"wp:featuredmedia":[{"embeddable":true,"href":"https:\/\/lahora.mx\/index.php\/wp-json\/wp\/v2\/media\/71368"}],"wp:attachment":[{"href":"https:\/\/lahora.mx\/index.php\/wp-json\/wp\/v2\/media?parent=71367"}],"wp:term":[{"taxonomy":"category","embeddable":true,"href":"https:\/\/lahora.mx\/index.php\/wp-json\/wp\/v2\/categories?post=71367"},{"taxonomy":"post_tag","embeddable":true,"href":"https:\/\/lahora.mx\/index.php\/wp-json\/wp\/v2\/tags?post=71367"}],"curies":[{"name":"wp","href":"https:\/\/api.w.org\/{rel}","templated":true}]}}