{"id":71318,"date":"2025-11-15T03:51:59","date_gmt":"2025-11-15T03:51:59","guid":{"rendered":"https:\/\/lahora.mx\/?p=71318"},"modified":"2025-11-15T03:52:14","modified_gmt":"2025-11-15T03:52:14","slug":"dif-municipal-de-puebla-lanza-campana-de-donacion-de-chamarras-para-temporada-de-frio","status":"publish","type":"post","link":"https:\/\/lahora.mx\/index.php\/2025\/11\/15\/dif-municipal-de-puebla-lanza-campana-de-donacion-de-chamarras-para-temporada-de-frio\/","title":{"rendered":"DIF Municipal de Puebla lanza campa\u00f1a de donaci\u00f3n de chamarras para temporada de fr\u00edo"},"content":{"rendered":"\n<p>El Sistema Municipal DIF de Puebla puso en marcha una campa\u00f1a de donaci\u00f3n de chamarras para esta temporada de fr\u00edo.<\/p>\n\n\n\n<p>Con el nombre \u201cPuebla te Abriga, Dona una Chamarra\u201d, pretenden recolectar prendas de abrigo para la gente que lo necesite.<\/p>\n\n\n\n<p>As\u00ed lo inform\u00f3 el director del organismo, Alejandro Cort\u00e9s Carrasco, quien se\u00f1al\u00f3 que la iniciativa busca garantizar que ning\u00fan poblano sufra las inclemencias del invierno.<\/p>\n\n\n\n<p>En ese sentido, el titular del DIF Municipal de Puebla hizo un llamado a la comunidad para donar chamarras nuevas o usadas en buen estado. Que sirvan para hombres y mujeres de todas las edades, desde ni\u00f1os hasta personas mayores.<\/p>\n\n\n\n<p>Revel\u00f3 que la campa\u00f1a se mantendr\u00e1 activa hasta el pr\u00f3ximo 12 de diciembre para posteriormente distribuirlas entre las familias poblanas m\u00e1s vulnerables de la capital.<\/p>\n\n\n\n<p>Para facilitar la contribuci\u00f3n ciudadana, el funcionario del gobierno de la capital se\u00f1al\u00f3 que habilitaron cinco centros de acopio en puntos estrat\u00e9gicos. Uno de ellos en las propias oficinas administrativas del DIF.<\/p>\n\n\n\n<p>Los otros puntos de acopio son el Teatro de la Ciudad, el Centro Municipal de Equinoterapia y Rehabilitaci\u00f3n Integral (Cmeri), la Unidad M\u00e9dica Integral y el Centro de D\u00eda.<\/p>\n\n\n\n<p>Alejandro Cort\u00e9s precis\u00f3 que el horario de atenci\u00f3n en todos los m\u00f3dulos para la campa\u00f1a \u201cPuebla te Abriga, Dona una Chamarra\u201d es de 09:00 a 16:00 horas de lunes a viernes.<\/p>\n\n\n\n<p>DIF Municipal llevar\u00e1 posadas navide\u00f1as a Unidades Habitacionales de Puebla<br>Adem\u00e1s de la donaci\u00f3n de chamarras contra el fr\u00edo, el director del DIF Municipal de Puebla, Alejandro Cort\u00e9s adelant\u00f3 otras acciones de la temporada.<\/p>\n\n\n\n<p>Detall\u00f3 que las tradicionales posadas navide\u00f1as se trasladar\u00e1n a diez unidades habitacionales de la capital. Con la finalidad de fomentar la unidad familiar y el esp\u00edritu festivo en estas zonas.<\/p>\n\n\n\n<p>Las posadas se har\u00e1n durante diez d\u00edas, a partir del pr\u00f3ximo 3 de diciembre y finalizar\u00e1n el 13 del mismo mes.<\/p>\n\n\n\n<p>Record\u00f3 que, en el 2024, estos eventos navide\u00f1os se llevaron a cabo en las 17 juntas auxiliares del municipio de Puebla.<\/p>\n\n\n\n<p>Estas festividades hacen que la gente participe y las recibieron de manera satisfactoria, y este a\u00f1o empezamos el 3 de diciembre y terminar\u00edamos m\u00e1s o menos el 13 de diciembre\u201d.<\/p>\n\n\n\n<p>Alejandro Cort\u00e9s inform\u00f3 que diferentes dependencias municipales participar\u00e1n en estas actividades donde habr\u00e1 pi\u00f1atas, dulces, ponche y la entrega de juguetes para ni\u00f1os.<\/p>\n","protected":false},"excerpt":{"rendered":"<p>El Sistema Municipal DIF de Puebla puso en marcha una campa\u00f1a de donaci\u00f3n de chamarras para esta temporada de fr\u00edo. Con el nombre \u201cPuebla te Abriga, Dona una Chamarra\u201d, pretenden recolectar prendas de abrigo para la gente que lo necesite. As\u00ed lo inform\u00f3 el director del organismo, Alejandro Cort\u00e9s Carrasco, quien se\u00f1al\u00f3 que la iniciativa [&hellip;]<\/p>\n","protected":false},"author":1,"featured_media":71319,"comment_status":"open","ping_status":"open","sticky":false,"template":"","format":"standard","meta":{"om_disable_all_campaigns":false,"_monsterinsights_skip_tracking":false,"_monsterinsights_sitenote_active":false,"_monsterinsights_sitenote_note":"","_monsterinsights_sitenote_category":0,"footnotes":""},"categories":[175],"tags":[239,223],"class_list":["post-71318","post","type-post","status-publish","format-standard","has-post-thumbnail","hentry","category-local","tag-gobierno","tag-puebla"],"amp_enabled":true,"_links":{"self":[{"href":"https:\/\/lahora.mx\/index.php\/wp-json\/wp\/v2\/posts\/71318","targetHints":{"allow":["GET"]}}],"collection":[{"href":"https:\/\/lahora.mx\/index.php\/wp-json\/wp\/v2\/posts"}],"about":[{"href":"https:\/\/lahora.mx\/index.php\/wp-json\/wp\/v2\/types\/post"}],"author":[{"embeddable":true,"href":"https:\/\/lahora.mx\/index.php\/wp-json\/wp\/v2\/users\/1"}],"replies":[{"embeddable":true,"href":"https:\/\/lahora.mx\/index.php\/wp-json\/wp\/v2\/comments?post=71318"}],"version-history":[{"count":2,"href":"https:\/\/lahora.mx\/index.php\/wp-json\/wp\/v2\/posts\/71318\/revisions"}],"predecessor-version":[{"id":71322,"href":"https:\/\/lahora.mx\/index.php\/wp-json\/wp\/v2\/posts\/71318\/revisions\/71322"}],"wp:featuredmedia":[{"embeddable":true,"href":"https:\/\/lahora.mx\/index.php\/wp-json\/wp\/v2\/media\/71319"}],"wp:attachment":[{"href":"https:\/\/lahora.mx\/index.php\/wp-json\/wp\/v2\/media?parent=71318"}],"wp:term":[{"taxonomy":"category","embeddable":true,"href":"https:\/\/lahora.mx\/index.php\/wp-json\/wp\/v2\/categories?post=71318"},{"taxonomy":"post_tag","embeddable":true,"href":"https:\/\/lahora.mx\/index.php\/wp-json\/wp\/v2\/tags?post=71318"}],"curies":[{"name":"wp","href":"https:\/\/api.w.org\/{rel}","templated":true}]}}