{"id":71309,"date":"2025-11-15T03:44:17","date_gmt":"2025-11-15T03:44:17","guid":{"rendered":"https:\/\/lahora.mx\/?p=71309"},"modified":"2025-11-15T03:44:18","modified_gmt":"2025-11-15T03:44:18","slug":"el-gobernador-alejandro-armenta-entrega-apoyos-en-el-carrizal","status":"publish","type":"post","link":"https:\/\/lahora.mx\/index.php\/2025\/11\/15\/el-gobernador-alejandro-armenta-entrega-apoyos-en-el-carrizal\/","title":{"rendered":"El gobernador Alejandro Armenta entrega apoyos en El Carrizal"},"content":{"rendered":"\n<p>El gobernador de Puebla, Alejandro Armenta, recorri\u00f3 la comunidad de El Carrizal, una de las zonas con mayores da\u00f1os tras las lluvias torrenciales del mes pasado y supervis\u00f3 la segunda entrega de apoyos que beneficia a 340 personas en esta localidad y a 12 mil 336 familias en todos los municipios que registraron afectaciones.<\/p>\n\n\n\n<p>Acompa\u00f1ado del delegado federal de Programas para el Desarrollo, Rodrigo Abdala, y de la presidenta municipal Araceli Gaspar, el mandatario expres\u00f3 su reconocimiento por la atenci\u00f3n permanente de la presidenta Claudia Sheinbaum hacia Puebla, as\u00ed como de las y los elementos de la Secretar\u00eda de la Defensa Nacional (DEFENSA), Secretar\u00eda de Marina y Guardia Nacional. Subray\u00f3 que la federaci\u00f3n activ\u00f3 de inmediato la segunda etapa de ayuda, por ello agradeci\u00f3 el trabajo de los servidores de la Naci\u00f3n y de las distintas dependencias estatales y municipales.<\/p>\n\n\n\n<p>Los testimonios de las familias reflejaron ese sentir. Josefina Mart\u00ednez se\u00f1al\u00f3 que las autoridades municipales, estatales y federales ingresaron con maquinaria para retirar lodo, limpiar calles y rescatar viviendas. Destac\u00f3 que el recurso inicial de 20 mil pesos y la entrega de despensas permiti\u00f3 a muchas familias recuperar lo indispensable tras haberlo perdido todo.<\/p>\n\n\n\n<p>Por su parte el se\u00f1or \u00c1lvaro Castro, habitante de la comunidad, reconoci\u00f3 el esfuerzo de las cuadrillas de limpieza integradas por vecinos y brigadas de comunidades cercanas. Relat\u00f3 que las p\u00e9rdidas incluyeron muebles, electrodom\u00e9sticos y ganado, por lo que calific\u00f3 estos apoyos como fundamentales. Afirm\u00f3 que nunca hab\u00eda recibido ayuda de tal magnitud y valor\u00f3 que la prioridad federal favorezca a las familias m\u00e1s afectadas.<\/p>\n\n\n\n<p>La visita del gobernador Alejandro Armenta consolid\u00f3 un mensaje de uni\u00f3n y acompa\u00f1amiento para las zonas da\u00f1adas. La comunidad expres\u00f3 que este esfuerzo conjunto fortalece la confianza y abre un camino de reconstrucci\u00f3n con el respaldo constante del gobierno federal y del estado.<\/p>\n","protected":false},"excerpt":{"rendered":"<p>El gobernador de Puebla, Alejandro Armenta, recorri\u00f3 la comunidad de El Carrizal, una de las zonas con mayores da\u00f1os tras las lluvias torrenciales del mes pasado y supervis\u00f3 la segunda entrega de apoyos que beneficia a 340 personas en esta localidad y a 12 mil 336 familias en todos los municipios que registraron afectaciones. Acompa\u00f1ado [&hellip;]<\/p>\n","protected":false},"author":1,"featured_media":71310,"comment_status":"open","ping_status":"open","sticky":false,"template":"","format":"standard","meta":{"om_disable_all_campaigns":false,"_monsterinsights_skip_tracking":false,"_monsterinsights_sitenote_active":false,"_monsterinsights_sitenote_note":"","_monsterinsights_sitenote_category":0,"footnotes":""},"categories":[175],"tags":[239,195,223],"class_list":["post-71309","post","type-post","status-publish","format-standard","has-post-thumbnail","hentry","category-local","tag-gobierno","tag-principal","tag-puebla"],"amp_enabled":true,"_links":{"self":[{"href":"https:\/\/lahora.mx\/index.php\/wp-json\/wp\/v2\/posts\/71309","targetHints":{"allow":["GET"]}}],"collection":[{"href":"https:\/\/lahora.mx\/index.php\/wp-json\/wp\/v2\/posts"}],"about":[{"href":"https:\/\/lahora.mx\/index.php\/wp-json\/wp\/v2\/types\/post"}],"author":[{"embeddable":true,"href":"https:\/\/lahora.mx\/index.php\/wp-json\/wp\/v2\/users\/1"}],"replies":[{"embeddable":true,"href":"https:\/\/lahora.mx\/index.php\/wp-json\/wp\/v2\/comments?post=71309"}],"version-history":[{"count":1,"href":"https:\/\/lahora.mx\/index.php\/wp-json\/wp\/v2\/posts\/71309\/revisions"}],"predecessor-version":[{"id":71311,"href":"https:\/\/lahora.mx\/index.php\/wp-json\/wp\/v2\/posts\/71309\/revisions\/71311"}],"wp:featuredmedia":[{"embeddable":true,"href":"https:\/\/lahora.mx\/index.php\/wp-json\/wp\/v2\/media\/71310"}],"wp:attachment":[{"href":"https:\/\/lahora.mx\/index.php\/wp-json\/wp\/v2\/media?parent=71309"}],"wp:term":[{"taxonomy":"category","embeddable":true,"href":"https:\/\/lahora.mx\/index.php\/wp-json\/wp\/v2\/categories?post=71309"},{"taxonomy":"post_tag","embeddable":true,"href":"https:\/\/lahora.mx\/index.php\/wp-json\/wp\/v2\/tags?post=71309"}],"curies":[{"name":"wp","href":"https:\/\/api.w.org\/{rel}","templated":true}]}}