{"id":71306,"date":"2025-11-15T03:40:39","date_gmt":"2025-11-15T03:40:39","guid":{"rendered":"https:\/\/lahora.mx\/?p=71306"},"modified":"2025-11-15T03:40:40","modified_gmt":"2025-11-15T03:40:40","slug":"el-adorno-navideno-en-puebla-capital-sera-de-alta-tecnologia","status":"publish","type":"post","link":"https:\/\/lahora.mx\/index.php\/2025\/11\/15\/el-adorno-navideno-en-puebla-capital-sera-de-alta-tecnologia\/","title":{"rendered":"El adorno navide\u00f1o en Puebla Capital ser\u00e1 de alta tecnolog\u00eda"},"content":{"rendered":"\n<p>A partir de este 01 de diciembre se pondr\u00e1 en marcha el alumbrado navide\u00f1o y la fachada del Palacio Municipal ser\u00e1 una pantalla gigantesca.<\/p>\n\n\n\n<p>Clemente G\u00f3mez Medina, titular de la Secretar\u00eda de Servicios P\u00fablicos, anunci\u00f3 que el alumbrado ser\u00e1 espectacular.<\/p>\n\n\n\n<p>Se colocar\u00e1 un \u00e1rbol navide\u00f1o de 20 metros de altura en el z\u00f3calo con luces de alta tecnolog\u00eda, por indicaciones del presidente Pepe Chedraui.<\/p>\n\n\n\n<p>Dijo que para este a\u00f1o se observar\u00e1 una gran novedad, como es una cortina de luces tipo led, las cuales har\u00e1n la funci\u00f3n de presentar diferentes figuras navide\u00f1as, en el edificio principal de la Angel\u00f3polis.<\/p>\n\n\n\n<p>En 2024 la instalaci\u00f3n fue similar, del gusto de los poblanos para tomarse fotos y pasar un buen momento en familia.<\/p>\n\n\n\n<p>La autoridad municipal se ha enfocado en hacer m\u00e1s atractivo el adorno para la ciudadan\u00eda.<\/p>\n\n\n\n<p>G\u00f3mez Medina anunci\u00f3 que, durante la etapa decembrina, no se presentar\u00e1 la proyecci\u00f3n del videomapping en la Catedral, como ocurri\u00f3 en las fiestas patrias y en Todos Santos.<\/p>\n","protected":false},"excerpt":{"rendered":"<p>A partir de este 01 de diciembre se pondr\u00e1 en marcha el alumbrado navide\u00f1o y la fachada del Palacio Municipal ser\u00e1 una pantalla gigantesca. Clemente G\u00f3mez Medina, titular de la Secretar\u00eda de Servicios P\u00fablicos, anunci\u00f3 que el alumbrado ser\u00e1 espectacular. Se colocar\u00e1 un \u00e1rbol navide\u00f1o de 20 metros de altura en el z\u00f3calo con luces [&hellip;]<\/p>\n","protected":false},"author":1,"featured_media":71307,"comment_status":"open","ping_status":"open","sticky":false,"template":"","format":"standard","meta":{"om_disable_all_campaigns":false,"_monsterinsights_skip_tracking":false,"_monsterinsights_sitenote_active":false,"_monsterinsights_sitenote_note":"","_monsterinsights_sitenote_category":0,"footnotes":""},"categories":[3,175],"tags":[],"class_list":["post-71306","post","type-post","status-publish","format-standard","has-post-thumbnail","hentry","category-entretenimiento","category-local"],"amp_enabled":true,"_links":{"self":[{"href":"https:\/\/lahora.mx\/index.php\/wp-json\/wp\/v2\/posts\/71306","targetHints":{"allow":["GET"]}}],"collection":[{"href":"https:\/\/lahora.mx\/index.php\/wp-json\/wp\/v2\/posts"}],"about":[{"href":"https:\/\/lahora.mx\/index.php\/wp-json\/wp\/v2\/types\/post"}],"author":[{"embeddable":true,"href":"https:\/\/lahora.mx\/index.php\/wp-json\/wp\/v2\/users\/1"}],"replies":[{"embeddable":true,"href":"https:\/\/lahora.mx\/index.php\/wp-json\/wp\/v2\/comments?post=71306"}],"version-history":[{"count":1,"href":"https:\/\/lahora.mx\/index.php\/wp-json\/wp\/v2\/posts\/71306\/revisions"}],"predecessor-version":[{"id":71308,"href":"https:\/\/lahora.mx\/index.php\/wp-json\/wp\/v2\/posts\/71306\/revisions\/71308"}],"wp:featuredmedia":[{"embeddable":true,"href":"https:\/\/lahora.mx\/index.php\/wp-json\/wp\/v2\/media\/71307"}],"wp:attachment":[{"href":"https:\/\/lahora.mx\/index.php\/wp-json\/wp\/v2\/media?parent=71306"}],"wp:term":[{"taxonomy":"category","embeddable":true,"href":"https:\/\/lahora.mx\/index.php\/wp-json\/wp\/v2\/categories?post=71306"},{"taxonomy":"post_tag","embeddable":true,"href":"https:\/\/lahora.mx\/index.php\/wp-json\/wp\/v2\/tags?post=71306"}],"curies":[{"name":"wp","href":"https:\/\/api.w.org\/{rel}","templated":true}]}}