{"id":71297,"date":"2025-11-15T00:19:19","date_gmt":"2025-11-15T00:19:19","guid":{"rendered":"https:\/\/lahora.mx\/?p=71297"},"modified":"2025-11-15T00:19:20","modified_gmt":"2025-11-15T00:19:20","slug":"por-comentarios-pro-putin-se-cancelo-un-concierto-de-limp-bizkit-en-estonia","status":"publish","type":"post","link":"https:\/\/lahora.mx\/index.php\/2025\/11\/15\/por-comentarios-pro-putin-se-cancelo-un-concierto-de-limp-bizkit-en-estonia\/","title":{"rendered":"Por comentarios Pro-Putin, se cancel\u00f3 un concierto de Limp Bizkit en Estonia"},"content":{"rendered":"\n<p>La controversia ha estallado en Estonia despu\u00e9s de que autoridades gubernamentales de la ciudad de Tallin dieran a conocer que el concierto de la banda estadounidense, Limp Bizkit, programado para el 31 de mayo del 2026 ha tenido que ser cancelado despu\u00e9s de que resurgieran comentarios Pro-Putin de Fred Durst.<\/p>\n\n\n\n<p>De acuerdo con dichos extraoficiales de algunas figuras pol\u00edticas de este pa\u00eds, la cancelaci\u00f3n se tuvo que dar por ordenes directas del gobierno federal debido a que en redes sociales resurgieron m\u00faltiples comentarios del controversial vocalista de esta banda voceando su apoyo por Rusia durante la guerra en Crimea.<\/p>\n\n\n\n<p>Todo esto&nbsp;<strong>surgi\u00f3 despu\u00e9s de que varias personas difundieran en redes sociales fotograf\u00edas del cantante con un letrero en el cual se puede leer \u201cCrimea=Rusia\u201d<\/strong>, una fotograf\u00eda que aparentemente fue tomada&nbsp;<strong>en el medio de la controversial anexi\u00f3n de Crimea a al Federaci\u00f3n Rusa&nbsp;<\/strong>durante el 2014, lo que indigno a muchos.&nbsp;<\/p>\n\n\n\n<p>Cabe se\u00f1alar que esta no&nbsp;<strong>es la primera vez que Durst se ve envuelto en controversia por esta situaci\u00f3n<\/strong>, de hecho&nbsp;<strong>en 2015 se le prohibi\u00f3 la entrada a Ucrania por el ya mencionado cartel y debido a que este hab\u00eda voceado sus ganas de comprar una casa en Crimea<\/strong>, cuando estaba casado con una mujer de este lugar.&nbsp;<\/p>\n\n\n\n<p>Pero eso no es todo, ya que de hecho&nbsp;<strong>en el 2023 la banda se vio m\u00e1s sumida en esta controversia despu\u00e9s de que estrenar\u00e1n el video de su canci\u00f3n \u201cOut Of Style\u201d<\/strong>, en donde&nbsp;<strong>Durst fue deepfakeado para parecerse a Putin, DJ Lethal a Volodymyr Zelensky y el guitarrista Wes Borland<\/strong>&nbsp;poso como un sonriente&nbsp;<strong>Joe Biden<\/strong>.<\/p>\n","protected":false},"excerpt":{"rendered":"<p>La controversia ha estallado en Estonia despu\u00e9s de que autoridades gubernamentales de la ciudad de Tallin dieran a conocer que el concierto de la banda estadounidense, Limp Bizkit, programado para el 31 de mayo del 2026 ha tenido que ser cancelado despu\u00e9s de que resurgieran comentarios Pro-Putin de Fred Durst. De acuerdo con dichos extraoficiales [&hellip;]<\/p>\n","protected":false},"author":1,"featured_media":71298,"comment_status":"open","ping_status":"open","sticky":false,"template":"","format":"standard","meta":{"om_disable_all_campaigns":false,"_monsterinsights_skip_tracking":false,"_monsterinsights_sitenote_active":false,"_monsterinsights_sitenote_note":"","_monsterinsights_sitenote_category":0,"footnotes":""},"categories":[183],"tags":[223],"class_list":["post-71297","post","type-post","status-publish","format-standard","has-post-thumbnail","hentry","category-internacional","tag-puebla"],"amp_enabled":true,"_links":{"self":[{"href":"https:\/\/lahora.mx\/index.php\/wp-json\/wp\/v2\/posts\/71297","targetHints":{"allow":["GET"]}}],"collection":[{"href":"https:\/\/lahora.mx\/index.php\/wp-json\/wp\/v2\/posts"}],"about":[{"href":"https:\/\/lahora.mx\/index.php\/wp-json\/wp\/v2\/types\/post"}],"author":[{"embeddable":true,"href":"https:\/\/lahora.mx\/index.php\/wp-json\/wp\/v2\/users\/1"}],"replies":[{"embeddable":true,"href":"https:\/\/lahora.mx\/index.php\/wp-json\/wp\/v2\/comments?post=71297"}],"version-history":[{"count":1,"href":"https:\/\/lahora.mx\/index.php\/wp-json\/wp\/v2\/posts\/71297\/revisions"}],"predecessor-version":[{"id":71299,"href":"https:\/\/lahora.mx\/index.php\/wp-json\/wp\/v2\/posts\/71297\/revisions\/71299"}],"wp:featuredmedia":[{"embeddable":true,"href":"https:\/\/lahora.mx\/index.php\/wp-json\/wp\/v2\/media\/71298"}],"wp:attachment":[{"href":"https:\/\/lahora.mx\/index.php\/wp-json\/wp\/v2\/media?parent=71297"}],"wp:term":[{"taxonomy":"category","embeddable":true,"href":"https:\/\/lahora.mx\/index.php\/wp-json\/wp\/v2\/categories?post=71297"},{"taxonomy":"post_tag","embeddable":true,"href":"https:\/\/lahora.mx\/index.php\/wp-json\/wp\/v2\/tags?post=71297"}],"curies":[{"name":"wp","href":"https:\/\/api.w.org\/{rel}","templated":true}]}}