{"id":71288,"date":"2025-11-15T00:12:30","date_gmt":"2025-11-15T00:12:30","guid":{"rendered":"https:\/\/lahora.mx\/?p=71288"},"modified":"2025-11-15T00:12:31","modified_gmt":"2025-11-15T00:12:31","slug":"labubu-llegara-al-cine-sony-prepara-su-primera-pelicula-animada","status":"publish","type":"post","link":"https:\/\/lahora.mx\/index.php\/2025\/11\/15\/labubu-llegara-al-cine-sony-prepara-su-primera-pelicula-animada\/","title":{"rendered":"Labubu llegar\u00e1 al cine: Sony prepara su primera pel\u00edcula animada"},"content":{"rendered":"\n<p>El carism\u00e1tico personaje Labubu , originario de la serie The Monsters creada por el artista Kasing Lung , tendr\u00e1 su propia pel\u00edcula animada. El proyecto, actualmente en fase inicial de preproducci\u00f3n, ser\u00e1 desarrollado por Sony Pictures Animation , el estudio responsable de \u00e9xitos como Spider-Man: Across the Spider-Verse .<\/p>\n\n\n\n<p>La colaboraci\u00f3n entre el estudio y la reconocida franquicia de coleccionismo busca proyectar a Labubu en la pantalla grande, consolidando su estatus como \u00edcono de la cultura pop global. La producci\u00f3n aspira a capturar la esencia juguetona, rebelde y entra\u00f1able del personaje.<br><br>Aunque a\u00fan no se ha definido una fecha exacta de estreno, fuentes cercanas al proyecto indican que el largometraje podr\u00eda llegar a los cines hacia finales de 2026 o principios de 2027 . La firma del acuerdo entre ambas partes habr\u00eda ocurrido en la segunda semana de noviembre.<\/p>\n\n\n\n<p>Este nuevo paso forma parte de una estrategia creciente en Hollywood: convertir juguetes virales en propiedades cinematogr\u00e1ficas. Siguiendo la f\u00f3rmula aplicada con franquicias como Barbie y Hello Kitty , la pel\u00edcula de Labubu se marca en lo que se conoce como \u00abtuber\u00eda invertida de mercanc\u00edas\u00bb, donde los productos de consumo se transforman en universos narrativos.<\/p>\n\n\n\n<p>Desde su creaci\u00f3n, Labubu se ha posicionado como uno de los art toy m\u00e1s codiciados del mundo. Su dise\u00f1o, con orejas puntiagudas, sonrisa p\u00edcara y prominentes dientes, lo ha hecho destacar como un \u201cdiablillo adorable\u201d dentro del universo del coleccionismo.<\/p>\n\n\n\n<p>Su popularidad se ha visto impulsada por estrategias comerciales como las cajas ciegas y la escasez controlada de figuras, generando un mercado secundario altamente lucrativo. Asimismo, figuras del espect\u00e1culo han contribuido a su fama: la cantante Lisa , del grupo BLACKPINK , ha sido vista luciendo estos mu\u00f1ecos, lo que increment\u00f3 a\u00fan m\u00e1s su atractivo entre el p\u00fablico internacional.<\/p>\n\n\n\n<p>La cinta animada promete ser una celebraci\u00f3n de la imaginaci\u00f3n, el arte del coleccionismo y la capacidad de un peque\u00f1o monstruo de conquistar no solo vitrinas y redes sociales, sino tambi\u00e9n las pantallas de cine a nivel mundial.<\/p>\n","protected":false},"excerpt":{"rendered":"<p>El carism\u00e1tico personaje Labubu , originario de la serie The Monsters creada por el artista Kasing Lung , tendr\u00e1 su propia pel\u00edcula animada. El proyecto, actualmente en fase inicial de preproducci\u00f3n, ser\u00e1 desarrollado por Sony Pictures Animation , el estudio responsable de \u00e9xitos como Spider-Man: Across the Spider-Verse . La colaboraci\u00f3n entre el estudio y [&hellip;]<\/p>\n","protected":false},"author":1,"featured_media":71289,"comment_status":"open","ping_status":"open","sticky":false,"template":"","format":"standard","meta":{"om_disable_all_campaigns":false,"_monsterinsights_skip_tracking":false,"_monsterinsights_sitenote_active":false,"_monsterinsights_sitenote_note":"","_monsterinsights_sitenote_category":0,"footnotes":""},"categories":[3],"tags":[],"class_list":["post-71288","post","type-post","status-publish","format-standard","has-post-thumbnail","hentry","category-entretenimiento"],"amp_enabled":true,"_links":{"self":[{"href":"https:\/\/lahora.mx\/index.php\/wp-json\/wp\/v2\/posts\/71288","targetHints":{"allow":["GET"]}}],"collection":[{"href":"https:\/\/lahora.mx\/index.php\/wp-json\/wp\/v2\/posts"}],"about":[{"href":"https:\/\/lahora.mx\/index.php\/wp-json\/wp\/v2\/types\/post"}],"author":[{"embeddable":true,"href":"https:\/\/lahora.mx\/index.php\/wp-json\/wp\/v2\/users\/1"}],"replies":[{"embeddable":true,"href":"https:\/\/lahora.mx\/index.php\/wp-json\/wp\/v2\/comments?post=71288"}],"version-history":[{"count":1,"href":"https:\/\/lahora.mx\/index.php\/wp-json\/wp\/v2\/posts\/71288\/revisions"}],"predecessor-version":[{"id":71290,"href":"https:\/\/lahora.mx\/index.php\/wp-json\/wp\/v2\/posts\/71288\/revisions\/71290"}],"wp:featuredmedia":[{"embeddable":true,"href":"https:\/\/lahora.mx\/index.php\/wp-json\/wp\/v2\/media\/71289"}],"wp:attachment":[{"href":"https:\/\/lahora.mx\/index.php\/wp-json\/wp\/v2\/media?parent=71288"}],"wp:term":[{"taxonomy":"category","embeddable":true,"href":"https:\/\/lahora.mx\/index.php\/wp-json\/wp\/v2\/categories?post=71288"},{"taxonomy":"post_tag","embeddable":true,"href":"https:\/\/lahora.mx\/index.php\/wp-json\/wp\/v2\/tags?post=71288"}],"curies":[{"name":"wp","href":"https:\/\/api.w.org\/{rel}","templated":true}]}}