{"id":71263,"date":"2025-11-14T22:36:30","date_gmt":"2025-11-14T22:36:30","guid":{"rendered":"https:\/\/lahora.mx\/?p=71263"},"modified":"2025-11-14T22:36:30","modified_gmt":"2025-11-14T22:36:30","slug":"encuentran-asesinados-a-dos-presuntos-complices-del-asesinato-de-carlos-manzo","status":"publish","type":"post","link":"https:\/\/lahora.mx\/index.php\/2025\/11\/14\/encuentran-asesinados-a-dos-presuntos-complices-del-asesinato-de-carlos-manzo\/","title":{"rendered":"Encuentran asesinados a dos presuntos c\u00f3mplices del asesinato de Carlos Manzo"},"content":{"rendered":"\n<p>El gobernador de Michoac\u00e1n, Alfredo Ram\u00edrez Bedolla, inform\u00f3 que fueron hallados dos cad\u00e1veres relacionados con el asesinato del presidente municipal de Uruapan, Carlos Manzo.<\/p>\n\n\n\n<p>El mandatario refiri\u00f3 que los dos hombres encontrados sin vida tuvieron participaci\u00f3n con el sicario que mat\u00f3 al edil y la informaci\u00f3n est\u00e1 siendo validada por la Fiscal\u00eda de Michoac\u00e1n.<\/p>\n\n\n\n<p>Uno de los dos hombres asesinados y localizado en la carretera Uruapan\u2013Paracho, a la altura de la comunidad ind\u00edgena de Capacuaro, fue identificado como Josu\u00e9 &#8216;N&#8217;, un adolescente de 16 a\u00f1os originario de Uruapan.<\/p>\n\n\n\n<p>El segundo cuerpo corresponde a un adulto y\u00a0permanece sin identificar. Fueron vecinos del lugar quienes encontraron un cad\u00e1ver ensangrentado y dieron aviso a las autoridades<\/p>\n\n\n\n<p>Carlos Manzo fue asesinado el 1 de noviembre por un adolescente de 17 a\u00f1os en la plaza principal de Uruapan en un evento con motivo de Noche de Muertos.<br>https:\/\/www.milenio.com\/estados\/matan-a-personas-ligadas-con-el-asesinato-de-carlos-manzo-en-uruapan<\/p>\n\n\n\n<p><br><br><\/p>\n\n\n\n<p><br><\/p>\n","protected":false},"excerpt":{"rendered":"<p>El gobernador de Michoac\u00e1n, Alfredo Ram\u00edrez Bedolla, inform\u00f3 que fueron hallados dos cad\u00e1veres relacionados con el asesinato del presidente municipal de Uruapan, Carlos Manzo. El mandatario refiri\u00f3 que los dos hombres encontrados sin vida tuvieron participaci\u00f3n con el sicario que mat\u00f3 al edil y la informaci\u00f3n est\u00e1 siendo validada por la Fiscal\u00eda de Michoac\u00e1n. Uno [&hellip;]<\/p>\n","protected":false},"author":1,"featured_media":71264,"comment_status":"open","ping_status":"open","sticky":false,"template":"","format":"standard","meta":{"om_disable_all_campaigns":false,"_monsterinsights_skip_tracking":false,"_monsterinsights_sitenote_active":false,"_monsterinsights_sitenote_note":"","_monsterinsights_sitenote_category":0,"footnotes":""},"categories":[176],"tags":[],"class_list":["post-71263","post","type-post","status-publish","format-standard","has-post-thumbnail","hentry","category-nacional"],"amp_enabled":true,"_links":{"self":[{"href":"https:\/\/lahora.mx\/index.php\/wp-json\/wp\/v2\/posts\/71263","targetHints":{"allow":["GET"]}}],"collection":[{"href":"https:\/\/lahora.mx\/index.php\/wp-json\/wp\/v2\/posts"}],"about":[{"href":"https:\/\/lahora.mx\/index.php\/wp-json\/wp\/v2\/types\/post"}],"author":[{"embeddable":true,"href":"https:\/\/lahora.mx\/index.php\/wp-json\/wp\/v2\/users\/1"}],"replies":[{"embeddable":true,"href":"https:\/\/lahora.mx\/index.php\/wp-json\/wp\/v2\/comments?post=71263"}],"version-history":[{"count":1,"href":"https:\/\/lahora.mx\/index.php\/wp-json\/wp\/v2\/posts\/71263\/revisions"}],"predecessor-version":[{"id":71266,"href":"https:\/\/lahora.mx\/index.php\/wp-json\/wp\/v2\/posts\/71263\/revisions\/71266"}],"wp:featuredmedia":[{"embeddable":true,"href":"https:\/\/lahora.mx\/index.php\/wp-json\/wp\/v2\/media\/71264"}],"wp:attachment":[{"href":"https:\/\/lahora.mx\/index.php\/wp-json\/wp\/v2\/media?parent=71263"}],"wp:term":[{"taxonomy":"category","embeddable":true,"href":"https:\/\/lahora.mx\/index.php\/wp-json\/wp\/v2\/categories?post=71263"},{"taxonomy":"post_tag","embeddable":true,"href":"https:\/\/lahora.mx\/index.php\/wp-json\/wp\/v2\/tags?post=71263"}],"curies":[{"name":"wp","href":"https:\/\/api.w.org\/{rel}","templated":true}]}}