{"id":71252,"date":"2025-11-14T17:34:01","date_gmt":"2025-11-14T17:34:01","guid":{"rendered":"https:\/\/lahora.mx\/?p=71252"},"modified":"2025-11-14T17:34:02","modified_gmt":"2025-11-14T17:34:02","slug":"marcha-de-la-generacion-z-es-de-la-oposicion-sheinbaum","status":"publish","type":"post","link":"https:\/\/lahora.mx\/index.php\/2025\/11\/14\/marcha-de-la-generacion-z-es-de-la-oposicion-sheinbaum\/","title":{"rendered":"Marcha de la Generaci\u00f3n Z es de la oposici\u00f3n: Sheinbaum"},"content":{"rendered":"\n<p>En su conferencia de prensa de este 14 de noviembre, la presidenta Claudia Sheinbaum Pardo abord\u00f3 el llamado a la marcha impulsada por el movimiento conocido como \u201cGeneraci\u00f3n Z\u201d, que ha circulado en redes sociales durante los \u00faltimos d\u00edas y que convoca principalmente a j\u00f3venes de diversas ciudades del pa\u00eds. La mandataria defendi\u00f3 que M\u00e9xico es un pa\u00eds donde la libertad de expresi\u00f3n est\u00e1 garantizada y subray\u00f3 que cualquier persona tiene el derecho de manifestarse libremente.<\/p>\n\n\n\n<p>Al ser cuestionada sobre las motivaciones de esta movilizaci\u00f3n, Sheinbaum se\u00f1al\u00f3 que, en su opini\u00f3n, la marcha es organizada por \u201cla oposici\u00f3n\u201d, y dirigi\u00f3 un mensaje directo a los j\u00f3venes que planean asistir. Asegur\u00f3 que su gobierno seguir\u00e1 respetando el derecho a la protesta, independientemente del origen pol\u00edtico o social de las convocatorias, pero reiter\u00f3 que detr\u00e1s de este llamado hay grupos contrarios a su administraci\u00f3n.<br>La presidenta destac\u00f3 que la participaci\u00f3n de la juventud es fundamental en la vida p\u00fablica del pa\u00eds, aunque insisti\u00f3 en que los convocantes buscan generar un ambiente de confrontaci\u00f3n pol\u00edtica. Sin embargo, reiter\u00f3 que su gobierno no reprimir\u00e1 ninguna expresi\u00f3n ciudadana y continuar\u00e1 garantizando que las manifestaciones se desarrollen en un entorno seguro y con pleno respeto a los derechos humanos.<\/p>\n","protected":false},"excerpt":{"rendered":"<p>En su conferencia de prensa de este 14 de noviembre, la presidenta Claudia Sheinbaum Pardo abord\u00f3 el llamado a la marcha impulsada por el movimiento conocido como \u201cGeneraci\u00f3n Z\u201d, que ha circulado en redes sociales durante los \u00faltimos d\u00edas y que convoca principalmente a j\u00f3venes de diversas ciudades del pa\u00eds. La mandataria defendi\u00f3 que M\u00e9xico [&hellip;]<\/p>\n","protected":false},"author":1,"featured_media":71254,"comment_status":"open","ping_status":"open","sticky":false,"template":"","format":"standard","meta":{"om_disable_all_campaigns":false,"_monsterinsights_skip_tracking":false,"_monsterinsights_sitenote_active":false,"_monsterinsights_sitenote_note":"","_monsterinsights_sitenote_category":0,"footnotes":""},"categories":[176],"tags":[],"class_list":["post-71252","post","type-post","status-publish","format-standard","has-post-thumbnail","hentry","category-nacional"],"amp_enabled":true,"_links":{"self":[{"href":"https:\/\/lahora.mx\/index.php\/wp-json\/wp\/v2\/posts\/71252","targetHints":{"allow":["GET"]}}],"collection":[{"href":"https:\/\/lahora.mx\/index.php\/wp-json\/wp\/v2\/posts"}],"about":[{"href":"https:\/\/lahora.mx\/index.php\/wp-json\/wp\/v2\/types\/post"}],"author":[{"embeddable":true,"href":"https:\/\/lahora.mx\/index.php\/wp-json\/wp\/v2\/users\/1"}],"replies":[{"embeddable":true,"href":"https:\/\/lahora.mx\/index.php\/wp-json\/wp\/v2\/comments?post=71252"}],"version-history":[{"count":1,"href":"https:\/\/lahora.mx\/index.php\/wp-json\/wp\/v2\/posts\/71252\/revisions"}],"predecessor-version":[{"id":71255,"href":"https:\/\/lahora.mx\/index.php\/wp-json\/wp\/v2\/posts\/71252\/revisions\/71255"}],"wp:featuredmedia":[{"embeddable":true,"href":"https:\/\/lahora.mx\/index.php\/wp-json\/wp\/v2\/media\/71254"}],"wp:attachment":[{"href":"https:\/\/lahora.mx\/index.php\/wp-json\/wp\/v2\/media?parent=71252"}],"wp:term":[{"taxonomy":"category","embeddable":true,"href":"https:\/\/lahora.mx\/index.php\/wp-json\/wp\/v2\/categories?post=71252"},{"taxonomy":"post_tag","embeddable":true,"href":"https:\/\/lahora.mx\/index.php\/wp-json\/wp\/v2\/tags?post=71252"}],"curies":[{"name":"wp","href":"https:\/\/api.w.org\/{rel}","templated":true}]}}