{"id":7125,"date":"2022-05-19T00:54:47","date_gmt":"2022-05-19T00:54:47","guid":{"rendered":"http:\/\/lahora.mx\/?p=7125"},"modified":"2022-05-19T00:54:48","modified_gmt":"2022-05-19T00:54:48","slug":"en-buenos-terminos-ebrard-menciona-sobre-el-dialogo-en-la-cumbre-de-las-americas","status":"publish","type":"post","link":"https:\/\/lahora.mx\/index.php\/2022\/05\/19\/en-buenos-terminos-ebrard-menciona-sobre-el-dialogo-en-la-cumbre-de-las-americas\/","title":{"rendered":"\u00abEn Buenos t\u00e9rminos\u00bb: Ebrard menciona sobre el di\u00e1logo en la Cumbre de las Am\u00e9ricas"},"content":{"rendered":"\n<p>El secretario de Relaciones Exteriores,\u00a0<strong>Marcelo Ebrard<\/strong>, destac\u00f3 que la reuni\u00f3n con el senador\u00a0Christopher Dodd, asesor especial del presidente de Estados Unidos, Joe Biden, para la Cumbre de las Am\u00e9ricas, se llev\u00f3 a cabo \u00aben buenos t\u00e9rminos\u00bb.\u00a0<br><\/p>\n\n\n\n<p>En un breve video, al culminar el encuentro virtual debido al contagio de Covid&nbsp;del legislador estadounidense, el canciller detall\u00f3 los puntos sobre los que se desarroll\u00f3 el encuentro.&nbsp;<\/p>\n\n\n\n<p>Al destacar que la conversaci\u00f3n se dio en espa\u00f1ol, Ebrard explic\u00f3 que las delegaciones abordaron en primer lugar las oportunidades que representa la novena Cumbre de las Am\u00e9ricas para el continente, as\u00ed como algunos de los contenidos m\u00e1s destacados del encuentro, tales como la movilidad laboral, el plan de acci\u00f3n de Salud y la recuperaci\u00f3n econ\u00f3mica.\u00a0<\/p>\n\n\n\n<p>En segundo lugar, dijo, el senador Dodd y el presidente L\u00f3pez Obrador externaron sus posiciones sobre la importancia de no excluir a nadie de la Cumbre en Los \u00c1ngeles.&nbsp;<\/p>\n\n\n\n<p>\u00abEl presidente L\u00f3pez Obrador explic\u00f3 cu\u00e1les son sus conceptos, idea de por qu\u00e9 esto debe de ser as\u00ed, (de por qu\u00e9) no debe haber exclusiones, que debemos entrar a una nueva etapa hist\u00f3rica y sentar las bases de una nueva relaci\u00f3n\u00bb, expuso.\u00a0<\/p>\n\n\n\n<p>Mientras, agreg\u00f3, el senador estadounidense, agreg\u00f3, explic\u00f3 los puntos de vista del presidente Biden y la importancia del evento para \u00e9l.&nbsp;<\/p>\n\n\n\n<p>Luego del encuentro virtual ambos pa\u00edses mantendr\u00e1n un di\u00e1logo constante en \u00aben las pr\u00f3ximas horas y d\u00edas\u00bb que, dijo, desde su punto de vista \u00abha sido muy constructivo y en muy buenos t\u00e9rminos\u00bb.&nbsp;<\/p>\n","protected":false},"excerpt":{"rendered":"<p>El secretario de Relaciones Exteriores,\u00a0Marcelo Ebrard, destac\u00f3 que la reuni\u00f3n con el senador\u00a0Christopher Dodd, asesor especial del presidente de Estados Unidos, Joe Biden, para la Cumbre de las Am\u00e9ricas, se llev\u00f3 a cabo \u00aben buenos t\u00e9rminos\u00bb.\u00a0 En un breve video, al culminar el encuentro virtual debido al contagio de Covid&nbsp;del legislador estadounidense, el canciller detall\u00f3 [&hellip;]<\/p>\n","protected":false},"author":4,"featured_media":7126,"comment_status":"open","ping_status":"open","sticky":false,"template":"","format":"standard","meta":{"om_disable_all_campaigns":false,"_monsterinsights_skip_tracking":false,"_monsterinsights_sitenote_active":false,"_monsterinsights_sitenote_note":"","_monsterinsights_sitenote_category":0,"footnotes":""},"categories":[175],"tags":[223],"class_list":["post-7125","post","type-post","status-publish","format-standard","has-post-thumbnail","hentry","category-local","tag-puebla"],"amp_enabled":true,"_links":{"self":[{"href":"https:\/\/lahora.mx\/index.php\/wp-json\/wp\/v2\/posts\/7125","targetHints":{"allow":["GET"]}}],"collection":[{"href":"https:\/\/lahora.mx\/index.php\/wp-json\/wp\/v2\/posts"}],"about":[{"href":"https:\/\/lahora.mx\/index.php\/wp-json\/wp\/v2\/types\/post"}],"author":[{"embeddable":true,"href":"https:\/\/lahora.mx\/index.php\/wp-json\/wp\/v2\/users\/4"}],"replies":[{"embeddable":true,"href":"https:\/\/lahora.mx\/index.php\/wp-json\/wp\/v2\/comments?post=7125"}],"version-history":[{"count":1,"href":"https:\/\/lahora.mx\/index.php\/wp-json\/wp\/v2\/posts\/7125\/revisions"}],"predecessor-version":[{"id":7127,"href":"https:\/\/lahora.mx\/index.php\/wp-json\/wp\/v2\/posts\/7125\/revisions\/7127"}],"wp:featuredmedia":[{"embeddable":true,"href":"https:\/\/lahora.mx\/index.php\/wp-json\/wp\/v2\/media\/7126"}],"wp:attachment":[{"href":"https:\/\/lahora.mx\/index.php\/wp-json\/wp\/v2\/media?parent=7125"}],"wp:term":[{"taxonomy":"category","embeddable":true,"href":"https:\/\/lahora.mx\/index.php\/wp-json\/wp\/v2\/categories?post=7125"},{"taxonomy":"post_tag","embeddable":true,"href":"https:\/\/lahora.mx\/index.php\/wp-json\/wp\/v2\/tags?post=7125"}],"curies":[{"name":"wp","href":"https:\/\/api.w.org\/{rel}","templated":true}]}}