{"id":7122,"date":"2022-05-19T00:51:41","date_gmt":"2022-05-19T00:51:41","guid":{"rendered":"http:\/\/lahora.mx\/?p=7122"},"modified":"2022-05-19T00:51:42","modified_gmt":"2022-05-19T00:51:42","slug":"programa-imss-bienestar-marcha-bien-en-tlaxcala-lorena-cuellar","status":"publish","type":"post","link":"https:\/\/lahora.mx\/index.php\/2022\/05\/19\/programa-imss-bienestar-marcha-bien-en-tlaxcala-lorena-cuellar\/","title":{"rendered":"Programa IMSS-Bienestar marcha bien en Tlaxcala: Lorena Cu\u00e9llar"},"content":{"rendered":"\n<p>En Tlaxcala\u00a0<strong>avanza bien la puesta en marcha del programa IMSS-Bienestar,<\/strong>\u00a0cuyo fin es garantizar la salud a personas sin seguridad social,\u00a0<strong>inform\u00f3 la gobernadora Lorena Cu\u00e9llar Cisneros.<\/strong><br>En entrevista,\u00a0<strong>la mandatoria estatal\u00a0inform\u00f3 que el proceso de contrataci\u00f3n\u00a0\u00a0culminar\u00e1 la siguiente semana,<\/strong>\u00a0y que en ese momento podr\u00e1n revelar los resultados.<br>Explic\u00f3 que el equipo de\u00a0<strong>trabajo de transici\u00f3n del IMSS-Bienestar\u00a0convoc\u00f3 por bloques al personal de la Secretar\u00eda de Salud del estado (Sesa),\u00a0<\/strong>para ser sometidos a una evaluaci\u00f3n y despu\u00e9s ser contratados de cuerdo a la trayectoria y antig\u00fcedad que poseen.<br>Sostuvo que en Tlaxcala <strong>no habido renuencia por parte del personal de salud y que, por el contrario, ha habido una muy buena respuesta de m\u00e9dicos y enfermeras para incorporarse<\/strong>\u00a0a ese programa, sobretodo porque representa la oportunidad de conseguir una plaza para quienes la esperan desde hace 20 a\u00f1os o m\u00e1s.<br><\/p>\n\n\n\n<p>Agreg\u00f3 que al momento el IMSS-Bienestar <strong>ha contratado a m\u00e1s de 600 personas de una plantilla de aproximadamente mil 100 personas,\u00a0<\/strong>el doble de lo que fue anunciado en un principio, cuando se dijo que hab\u00eda 500 plazas disponibles.<\/p>\n\n\n\n<p>Indic\u00f3 que la ampliaci\u00f3n de plazas tiene que ver con el recorrido hecho por\u00a0<strong>el gobierno del estado\u00a0y personal del IMSS-Bienestar, y las necesidades detectadas,<\/strong>\u00a0pues uno de los objetivos del programa es ampliar el horario de atenci\u00f3n y los fines de semana.<\/p>\n\n\n\n<p>Por otro lado,\u00a0<strong>con relaci\u00f3n al nuevo Hospital General de Tlaxcala, confirm\u00f3 que arrancar\u00e1 operaciones\u00a0el 20 de junio<\/strong>, tal como ayer fue anunciado por el director general del Instituto Mexicano del Seguro Social, Zoe Robledo.<br>Sin embargo,\u00a0<strong>mencion\u00f3 que a\u00fan existen pendientes de equipamiento principalmente de muebles\u00a0<\/strong>que deben ser tra\u00eddos de otros pa\u00edses.<\/p>\n","protected":false},"excerpt":{"rendered":"<p>En Tlaxcala\u00a0avanza bien la puesta en marcha del programa IMSS-Bienestar,\u00a0cuyo fin es garantizar la salud a personas sin seguridad social,\u00a0inform\u00f3 la gobernadora Lorena Cu\u00e9llar Cisneros.En entrevista,\u00a0la mandatoria estatal\u00a0inform\u00f3 que el proceso de contrataci\u00f3n\u00a0\u00a0culminar\u00e1 la siguiente semana,\u00a0y que en ese momento podr\u00e1n revelar los resultados.Explic\u00f3 que el equipo de\u00a0trabajo de transici\u00f3n del IMSS-Bienestar\u00a0convoc\u00f3 por bloques al [&hellip;]<\/p>\n","protected":false},"author":4,"featured_media":7123,"comment_status":"open","ping_status":"open","sticky":false,"template":"","format":"standard","meta":{"om_disable_all_campaigns":false,"_monsterinsights_skip_tracking":false,"_monsterinsights_sitenote_active":false,"_monsterinsights_sitenote_note":"","_monsterinsights_sitenote_category":0,"footnotes":""},"categories":[175],"tags":[195,223],"class_list":["post-7122","post","type-post","status-publish","format-standard","has-post-thumbnail","hentry","category-local","tag-principal","tag-puebla"],"amp_enabled":true,"_links":{"self":[{"href":"https:\/\/lahora.mx\/index.php\/wp-json\/wp\/v2\/posts\/7122","targetHints":{"allow":["GET"]}}],"collection":[{"href":"https:\/\/lahora.mx\/index.php\/wp-json\/wp\/v2\/posts"}],"about":[{"href":"https:\/\/lahora.mx\/index.php\/wp-json\/wp\/v2\/types\/post"}],"author":[{"embeddable":true,"href":"https:\/\/lahora.mx\/index.php\/wp-json\/wp\/v2\/users\/4"}],"replies":[{"embeddable":true,"href":"https:\/\/lahora.mx\/index.php\/wp-json\/wp\/v2\/comments?post=7122"}],"version-history":[{"count":1,"href":"https:\/\/lahora.mx\/index.php\/wp-json\/wp\/v2\/posts\/7122\/revisions"}],"predecessor-version":[{"id":7124,"href":"https:\/\/lahora.mx\/index.php\/wp-json\/wp\/v2\/posts\/7122\/revisions\/7124"}],"wp:featuredmedia":[{"embeddable":true,"href":"https:\/\/lahora.mx\/index.php\/wp-json\/wp\/v2\/media\/7123"}],"wp:attachment":[{"href":"https:\/\/lahora.mx\/index.php\/wp-json\/wp\/v2\/media?parent=7122"}],"wp:term":[{"taxonomy":"category","embeddable":true,"href":"https:\/\/lahora.mx\/index.php\/wp-json\/wp\/v2\/categories?post=7122"},{"taxonomy":"post_tag","embeddable":true,"href":"https:\/\/lahora.mx\/index.php\/wp-json\/wp\/v2\/tags?post=7122"}],"curies":[{"name":"wp","href":"https:\/\/api.w.org\/{rel}","templated":true}]}}