{"id":71209,"date":"2025-11-13T22:04:09","date_gmt":"2025-11-13T22:04:09","guid":{"rendered":"https:\/\/lahora.mx\/?p=71209"},"modified":"2025-11-13T22:04:10","modified_gmt":"2025-11-13T22:04:10","slug":"anuncian-a-fiesta-patronal-en-honor-a-san-andres-apostol-en-chalchicomula","status":"publish","type":"post","link":"https:\/\/lahora.mx\/index.php\/2025\/11\/13\/anuncian-a-fiesta-patronal-en-honor-a-san-andres-apostol-en-chalchicomula\/","title":{"rendered":"Anuncian a Fiesta Patronal en honor a San Andr\u00e9s Ap\u00f3stol en Chalchicomula"},"content":{"rendered":"\n<p>Con motivo de la Fiesta Patronal en honor a San Andr\u00e9s Ap\u00f3stol, fue presentado el programa de actividades religiosas y culturales que se llevar\u00e1n a cabo en la parroquia de Chalchicomula de Sesma.<\/p>\n\n\n\n<p>Durante la celebraci\u00f3n tambi\u00e9n se realizar\u00e1 una procesi\u00f3n con la imagen de San Andr\u00e9s por las principales calles de Ciudad Serd\u00e1n, donde horas antes se elaborar\u00e1n las tradicionales alfombras florales en su honor.<br><br>Desde la madrugada el 30 de noviembre, las 24 comunidades de Chalchicomula saldr\u00e1n de sus lugares de origen para visitar la imagen de San Andr\u00e9s Ap\u00f3stol.<\/p>\n\n\n\n<p>En la peregrinaci\u00f3n los feligreses caminar\u00e1n rezando y entonando c\u00e1nticos en honor al santo patrono, al llegar a la parroquia se celebrar\u00e1n misas y posteriormente se llevar\u00e1 a cabo una convivencia comunitaria.<\/p>\n\n\n\n<p>San Andr\u00e9s fue uno de los doce ap\u00f3stoles elegidos por Jes\u00fas y tuvo un papel importante en la difusi\u00f3n del evangelio. Se le menciona en varios momentos clave de los evangelios, como cuando present\u00f3 a un ni\u00f1o con cinco panes y dos peces a Jes\u00fas, lo que llev\u00f3 al milagro de la multiplicaci\u00f3n de los panes.<\/p>\n\n\n\n<p>Su disposici\u00f3n para conectar a las personas con Cristo es un aspecto destacado de su ministerio.<\/p>\n\n\n\n<p>No te pierdas ninguna actualizaci\u00f3n importante. Explora nuestro portal para seguir informado sobre las \u00faltimas noticias en Puebla.<\/p>\n","protected":false},"excerpt":{"rendered":"<p>Con motivo de la Fiesta Patronal en honor a San Andr\u00e9s Ap\u00f3stol, fue presentado el programa de actividades religiosas y culturales que se llevar\u00e1n a cabo en la parroquia de Chalchicomula de Sesma. Durante la celebraci\u00f3n tambi\u00e9n se realizar\u00e1 una procesi\u00f3n con la imagen de San Andr\u00e9s por las principales calles de Ciudad Serd\u00e1n, donde [&hellip;]<\/p>\n","protected":false},"author":1,"featured_media":71210,"comment_status":"open","ping_status":"open","sticky":false,"template":"","format":"standard","meta":{"om_disable_all_campaigns":false,"_monsterinsights_skip_tracking":false,"_monsterinsights_sitenote_active":false,"_monsterinsights_sitenote_note":"","_monsterinsights_sitenote_category":0,"footnotes":""},"categories":[3],"tags":[],"class_list":["post-71209","post","type-post","status-publish","format-standard","has-post-thumbnail","hentry","category-entretenimiento"],"amp_enabled":true,"_links":{"self":[{"href":"https:\/\/lahora.mx\/index.php\/wp-json\/wp\/v2\/posts\/71209","targetHints":{"allow":["GET"]}}],"collection":[{"href":"https:\/\/lahora.mx\/index.php\/wp-json\/wp\/v2\/posts"}],"about":[{"href":"https:\/\/lahora.mx\/index.php\/wp-json\/wp\/v2\/types\/post"}],"author":[{"embeddable":true,"href":"https:\/\/lahora.mx\/index.php\/wp-json\/wp\/v2\/users\/1"}],"replies":[{"embeddable":true,"href":"https:\/\/lahora.mx\/index.php\/wp-json\/wp\/v2\/comments?post=71209"}],"version-history":[{"count":1,"href":"https:\/\/lahora.mx\/index.php\/wp-json\/wp\/v2\/posts\/71209\/revisions"}],"predecessor-version":[{"id":71211,"href":"https:\/\/lahora.mx\/index.php\/wp-json\/wp\/v2\/posts\/71209\/revisions\/71211"}],"wp:featuredmedia":[{"embeddable":true,"href":"https:\/\/lahora.mx\/index.php\/wp-json\/wp\/v2\/media\/71210"}],"wp:attachment":[{"href":"https:\/\/lahora.mx\/index.php\/wp-json\/wp\/v2\/media?parent=71209"}],"wp:term":[{"taxonomy":"category","embeddable":true,"href":"https:\/\/lahora.mx\/index.php\/wp-json\/wp\/v2\/categories?post=71209"},{"taxonomy":"post_tag","embeddable":true,"href":"https:\/\/lahora.mx\/index.php\/wp-json\/wp\/v2\/tags?post=71209"}],"curies":[{"name":"wp","href":"https:\/\/api.w.org\/{rel}","templated":true}]}}